{"id":15442,"date":"2025-12-16T14:58:42","date_gmt":"2025-12-16T14:58:42","guid":{"rendered":"https:\/\/informacionlocal.es\/cabildo-y-transicion-trabajan-con-los-municipios-de-fuerteventura-para-avanzar-en-la-separacion-del-biorresiduo-aprovechando-la-capacidad-de-zurita\/"},"modified":"2025-12-16T14:58:42","modified_gmt":"2025-12-16T14:58:42","slug":"cabildo-y-transicion-trabajan-con-los-municipios-de-fuerteventura-para-avanzar-en-la-separacion-del-biorresiduo-aprovechando-la-capacidad-de-zurita","status":"publish","type":"post","link":"https:\/\/informacionlocal.es\/en\/cabildo-y-transicion-trabajan-con-los-municipios-de-fuerteventura-para-avanzar-en-la-separacion-del-biorresiduo-aprovechando-la-capacidad-de-zurita\/","title":{"rendered":"\ufeffCabildo y Transici\u00f3n trabajan con los municipios de Fuerteventura para avanzar en la separaci\u00f3n del biorresiduo aprovechando la capacidad de Zurita"},"content":{"rendered":"<div class=\"entry-content\"><strong>16 diciembre, 2025<\/strong><\/p>\n<ul>\n<li><em>El<br \/>\nencuentro ha servido para exponer y explicar a los ayuntamientos los avances en<br \/>\nlas actuaciones del Complejo Ambiental de Zurita, aprobadas por 17 millones de<br \/>\neuros y la estrategia para mejorar la recogida de materia org\u00e1nica en la isla<\/em><\/li>\n<\/ul>\n<ul>\n<li><em>Monta\u00f1\u00e9s:<br \/>\n\u201cLa actuaci\u00f3n de Zurita es una pieza fundamental para que Fuerteventura pueda<br \/>\ndar un salto cualitativo en la gesti\u00f3n de sus residuos y cumplir con los<br \/>\nobjetivos de econom\u00eda circular marcados para los pr\u00f3ximos a\u00f1os\u201d.<\/em><\/li>\n<\/ul>\n<p>El Cabildo de Fuerteventura y la Direcci\u00f3n General de Transici\u00f3n Ecol\u00f3gica del Gobierno de Canarias han mantenido hoy un encuentro con los concejales con competencias en gesti\u00f3n de residuos de los municipios de Fuerteventura, celebrado en el Cabildo insular, con el objetivo de reforzar la coordinaci\u00f3n institucional y avanzar en la implantaci\u00f3n de la recogida separada de la materia org\u00e1nica en la isla.<\/p>\n<p>La reuni\u00f3n, solicitada por la propia<br \/>\nDirecci\u00f3n General, y en la que tambi\u00e9n ha participado la presidenta del Cabildo<br \/>\nde Fuerteventura, Lola Garc\u00eda, y el consejero de residuos, Enrique P\u00e9rez, ha<br \/>\nservido para explicar en detalle la actuaci\u00f3n prevista en el Complejo Ambiental<br \/>\nde Zurita, los plazos de ejecuci\u00f3n planteados y el calendario de puesta en<br \/>\nmarcha de las infraestructuras necesarias. Asimismo, se ha abierto un espacio<br \/>\nde di\u00e1logo para abordar las principales dificultades que afrontan los<br \/>\nayuntamientos para implantar la recogida del biorresiduo antes de finales de<br \/>\n2026, tal y como establece el Plan de Acci\u00f3n de Econom\u00eda Circular de Canarias<br \/>\n(PAEC) 2024-2026.<\/p>\n<p>La presidenta del Cabildo de<br \/>\nFuerteventura, Lola Garc\u00eda, ha resaltado el compromiso claro de la Corporaci\u00f3n<br \/>\ninsular de mejorar el tratamiento de los residuos que se generen en<br \/>\nFuerteventura y \u201cla importancia de la coordinaci\u00f3n interadministrativa para la<br \/>\nimplantaci\u00f3n de avances como el quinto contenedor que vendr\u00e1 a mejorar el<br \/>\nreciclaje de los biorresiduos, evitando su impacto en el entorno\u201d.<\/p>\n<p>El director general de Transici\u00f3n<br \/>\nEcol\u00f3gica, \u00c1ngel Monta\u00f1\u00e9s, subray\u00f3 que \u201ceste encuentro es clave para alinear a<br \/>\ntodas las administraciones y garantizar que las inversiones que se est\u00e1n<br \/>\nrealizando tengan un impacto real sobre el terreno\u201d. En este sentido, destac\u00f3<br \/>\nque \u201cla actuaci\u00f3n de Zurita es una pieza fundamental para que Fuerteventura<br \/>\npueda dar un salto cualitativo en la gesti\u00f3n de sus residuos y cumplir con los<br \/>\nobjetivos de econom\u00eda circular marcados para los pr\u00f3ximos a\u00f1os\u201d.<\/p>\n<p>Monta\u00f1\u00e9s insisti\u00f3 en que la apuesta de la<br \/>\nConsejer\u00eda es \u201cclara y decidida\u201d para lograr que el biorresiduo salga del<br \/>\ncontenedor de mezcla en todos los municipios de Canarias a partir del pr\u00f3ximo<br \/>\na\u00f1o. \u201cEstamos hablando de cerca del 40 % de los residuos que hoy acaban en<br \/>\nvertedero y que pueden y deben ser aprovechados\u201d, se\u00f1al\u00f3.<\/p>\n<p>Por su parte, el consejero insular,<br \/>\nEnrique P\u00e9rez, explic\u00f3 que \u201chemos querido tener esta reuni\u00f3n de coordinaci\u00f3n,<br \/>\npara insistir en la necesidad de culminar los trabajos de la Planta de<br \/>\nClasificaci\u00f3n y Compostaje del Complejo Ambiental de Zurita. Una obra necesaria<br \/>\npara seguir incrementando el porcentaje de residuos que se reciclan en<br \/>\nFuerteventura, adaptar la gesti\u00f3n de residuos a la normativa y a los objetivos<br \/>\ndel Plan Insular de Residuos\u201d.<\/p>\n<p>Asimismo, el consejero de Residuos<br \/>\ndestac\u00f3 la importancia de concienciar a la poblaci\u00f3n desde las instituciones y<br \/>\ndar a conocer el uso de estos contenedores y su importancia en el tratamiento<br \/>\nde los residuos en la Isla.<\/p>\n<p><strong>Zurita, infraestructura clave para<br \/>\nimplantar la recogida del biorresiduo en Fuerteventura<\/strong><\/p>\n<p>El Complejo Ambiental de Zurita, en<br \/>\nPuerto del Rosario, es la principal infraestructura insular para la gesti\u00f3n de<br \/>\nresiduos en Fuerteventura y una actuaci\u00f3n estrat\u00e9gica dentro del Plan de Acci\u00f3n<br \/>\nde Econom\u00eda Circular de Canarias. Su actualizaci\u00f3n permitir\u00e1 avanzar de forma<br \/>\ndecisiva en la implantaci\u00f3n de la recogida separada de la materia org\u00e1nica y en<br \/>\nla reducci\u00f3n del vertido.<\/p>\n<p>El proyecto, demanda hist\u00f3rica de la isla<br \/>\nque ha salido adelante gracias al intenso trabajo del \u00e1rea, cuenta con una<br \/>\ninversi\u00f3n total de 17 millones de euros y contempla la puesta en marcha de una<br \/>\nplanta de clasificaci\u00f3n y una planta de compostaje, con el objetivo de<br \/>\nvalorizar los residuos y reducir hasta un 10 % los vertidos en celda. Estas<br \/>\ninstalaciones ser\u00e1n clave para que la isla cumpla los objetivos de reciclaje y<br \/>\neconom\u00eda circular fijados para 2026, reforzando la coordinaci\u00f3n entre el<br \/>\nGobierno de Canarias, el Cabildo y los ayuntamientos.<\/p>\n<\/div>\n","protected":false},"excerpt":{"rendered":"<p>16 diciembre, 2025 El encuentro ha servido para exponer y explicar a los ayuntamientos los avances en las actuaciones del Complejo Ambiental de Zurita, aprobadas por 17 millones de euros [&hellip;]<\/p>\n","protected":false},"author":1,"featured_media":15444,"comment_status":"open","ping_status":"open","sticky":false,"template":"","format":"standard","meta":{"inline_featured_image":false,"jnews-multi-image_gallery":[],"jnews_single_post":[],"jnews_primary_category":[],"jnews_social_meta":[],"jnews_override_counter":[],"jnews_post_split":[],"footnotes":""},"categories":[58],"tags":[82,65],"class_list":["post-15442","post","type-post","status-publish","format-standard","has-post-thumbnail","hentry","category-cabildo","tag-fuerteventura","tag-municipios"],"jetpack_featured_media_url":"https:\/\/informacionlocal.es\/wp-content\/uploads\/2025\/12\/rgrgr.jpeg","_links":{"self":[{"href":"https:\/\/informacionlocal.es\/en\/wp-json\/wp\/v2\/posts\/15442","targetHints":{"allow":["GET"]}}],"collection":[{"href":"https:\/\/informacionlocal.es\/en\/wp-json\/wp\/v2\/posts"}],"about":[{"href":"https:\/\/informacionlocal.es\/en\/wp-json\/wp\/v2\/types\/post"}],"author":[{"embeddable":true,"href":"https:\/\/informacionlocal.es\/en\/wp-json\/wp\/v2\/users\/1"}],"replies":[{"embeddable":true,"href":"https:\/\/informacionlocal.es\/en\/wp-json\/wp\/v2\/comments?post=15442"}],"version-history":[{"count":0,"href":"https:\/\/informacionlocal.es\/en\/wp-json\/wp\/v2\/posts\/15442\/revisions"}],"wp:featuredmedia":[{"embeddable":true,"href":"https:\/\/informacionlocal.es\/en\/wp-json\/wp\/v2\/media\/15444"}],"wp:attachment":[{"href":"https:\/\/informacionlocal.es\/en\/wp-json\/wp\/v2\/media?parent=15442"}],"wp:term":[{"taxonomy":"category","embeddable":true,"href":"https:\/\/informacionlocal.es\/en\/wp-json\/wp\/v2\/categories?post=15442"},{"taxonomy":"post_tag","embeddable":true,"href":"https:\/\/informacionlocal.es\/en\/wp-json\/wp\/v2\/tags?post=15442"}],"curies":[{"name":"wp","href":"https:\/\/api.w.org\/{rel}","templated":true}]}}