{"id":15412,"date":"2025-12-15T20:58:24","date_gmt":"2025-12-15T20:58:24","guid":{"rendered":"https:\/\/informacionlocal.es\/mozart-y-la-filarmonica-de-gran-canaria-cabeza-de-cartel-del-festival-de-musica-de-canarias-en-fuerteventura\/"},"modified":"2025-12-15T20:58:24","modified_gmt":"2025-12-15T20:58:24","slug":"mozart-y-la-filarmonica-de-gran-canaria-cabeza-de-cartel-del-festival-de-musica-de-canarias-en-fuerteventura","status":"publish","type":"post","link":"https:\/\/informacionlocal.es\/en\/mozart-y-la-filarmonica-de-gran-canaria-cabeza-de-cartel-del-festival-de-musica-de-canarias-en-fuerteventura\/","title":{"rendered":"Mozart y la Filarm\u00f3nica de Gran Canaria, cabeza de cartel del Festival de M\u00fasica de Canarias en Fuerteventura"},"content":{"rendered":"<div class=\"entry-content\"><strong>15 diciembre, 2025<\/strong><\/p>\n<p><a><strong>El Gobierno presenta la programaci\u00f3n en la isla, integrada por<\/strong><\/a><strong>seis\u00a0conciertos entre el 14 de enero y 7 de febrero de 2026<\/p>\n<p>Tambi\u00e9n estar\u00e1n Il giardino d\u2019amore, la soprano Raquel Lojendio con la pianista Chiky Mart\u00edn y el pianista Gabriel Ducatenzeiler<\/p>\n<p>A ello se unen dos propuestas de En Paralelo: el nuevo espect\u00e1culo de Pieles y el concierto Guiguan Project con el trompeta Markus Stockhausen<\/p>\n<p>Las entradas se encuentran ya a la venta y se renueva la opci\u00f3n de abonarse para los seis conciertos programados en el Palacio<\/strong><\/p>\n<p><a>La\u00a0<strong>Filarm\u00f3nica de Gran Canaria<\/strong>\u00a0(OFGC), bajo la direcci\u00f3n de\u00a0<strong>Karel Mark Chichon<\/strong>\u00a0y con un monogr\u00e1fico de obras de\u00a0<strong>Mozart<\/strong>, encabeza la programaci\u00f3n de la 42 edici\u00f3n del\u00a0<strong>Festival Internacional de M\u00fasica de Canarias en Fuerteventura<\/strong>. Ser\u00e1 uno de los\u00a0<strong>seis destacados conciertos<\/strong>\u00a0que se ofrecer\u00e1n al p\u00fablico\u00a0<strong>entre el 14 de enero y 7 de febrero<\/strong>, la mayor parte de ellos en el Palacio de Formaci\u00f3n y Congresos, adem\u00e1s del Auditorio de Antigua. Las\u00a0<strong>entradas y abonos<\/strong>\u00a0se encuentran ya a la venta.<\/a><\/p>\n<p>La programaci\u00f3n incluye tambi\u00e9n otras destacadas formaciones como el ensemble\u00a0<strong>Il giardino d\u2019amore<\/strong>, la soprano\u00a0<strong>Raquel Lojendio<\/strong>\u00a0con la pianista\u00a0<strong>Chiky Mart\u00edn<\/strong>\u00a0y el joven pianista\u00a0<strong>Gabriel Ducatenzeiler<\/strong>.\u00a0 A ello se suman dos atractivas propuestas de la secci\u00f3n En Paralelo, que incluyen el \u00faltimo espect\u00e1culo de la\u00a0<strong>compa\u00f1\u00eda<\/strong>\u00a0<strong>Pieles, titulado \u2018Arahal\u2019<\/strong>, y el concierto de\u00a0<strong>Guiguan Project con el trompetista Markus Stockhausen<\/strong>.<\/p>\n<p><a>El Gobierno aut\u00f3nomo, organizador del festival a trav\u00e9s de su \u00e1rea de Cultura y en colaboraci\u00f3n con los cabildos, ha decidido\u00a0<strong>repetir la f\u00f3rmula de un abono<\/strong>\u00a0que aglutine varios conciertos, dado el respaldo que esta iniciativa tuvo en la edici\u00f3n anterior. En esta ocasi\u00f3n el\u00a0<em>pack\u00a0<\/em>del abono incluye los seis conciertos programados en el Palacio de Formaci\u00f3n y Congresos, con una tarifa especial en el precio de las entradas<strong>.\u00a0<\/strong>Estos abonos est\u00e1n disponibles en la web\u00a0<\/a>www.festivaldecanarias.com.<\/p>\n<p><strong>Arranque de programaci\u00f3n<\/strong><\/p>\n<p>La programaci\u00f3n del 42 FIMC\u00a0<strong>arrancar\u00e1 en Fuerteventura el mi\u00e9rcoles 14 de enero<\/strong>\u00a0con el concierto de<strong>Guiguan Project ft. Markus Stocknausen<\/strong>\u00a0en el Palacio de Formaci\u00f3n y Congresos, a las 20.30 horas. La formaci\u00f3n est\u00e1 integrada por tres m\u00fasicos que comparten un profundo deseo de desarrollar un estilo \u00fanico, arraigado en sus ra\u00edces isle\u00f1as:\u00a0<strong>Javier Infante (guitarra), Alexis Lemes (timple) y Javier Colina (contrabajo<\/strong>). En esta ocasi\u00f3n actuar\u00e1n con el reconocido\u00a0<strong>trompetista y compositor alem\u00e1n<\/strong>\u00a0<strong>Markus Stockhausen<\/strong>, uno de los grandes innovadores e improvisadores de la escena jazz\u00edstica europea. Su colaboraci\u00f3n promete llevar esta experiencia musical a nuevas alturas, creando un di\u00e1logo enriquecedor entre sus visiones art\u00edsticas.<\/p>\n<p>Bajo la direcci\u00f3n de\u00a0<strong>Karel Mark Chichon, la Orquesta Filarm\u00f3nica de Gran Canaria<\/strong>\u00a0ser\u00e1 la protagonista del siguiente concierto en tierras majoreras. Ser\u00e1 el\u00a0<strong>viernes 16, a las 20.30 horas, en el Palacio,<\/strong>\u00a0donde presentan un\u00a0<strong>monogr\u00e1fico de Mozart<\/strong>: la obertura de \u2018La finta giardiniera\u2019, la Sinfon\u00eda Concertante y la Sinfon\u00eda n\u00ba 29. Son obras de la d\u00e9cada de los setenta del siglo XVIII, del periodo en el que el que el genio deb\u00eda compaginar su trabajo como m\u00fasico asalariado en la Corte de Salzburgo con su inagotable creatividad y producci\u00f3n. Para la Sinfon\u00eda Concertante, contar\u00e1n con solistas de la orquesta: Sergio\u00a0Marrero (viol\u00edn) y Adriana Ilieva (viola).<\/p>\n<p><a>La\u00a0<strong>compa\u00f1\u00eda Pieles<\/strong>\u00a0presentar\u00e1 su nuevo espect\u00e1culo el\u00a0<strong>lunes 19, tambi\u00e9n en el escenario capitalino, a las 20.30 horas.\u00a0<\/strong>Bajo el t\u00edtulo\u00a0<strong>\u2018Arahal. Un lugar donde descansar\u2019<\/strong>, constituye una propuesta interdisciplinar que habita la tradici\u00f3n. Percusi\u00f3n, voz, piedra, semilla\u2026 y silencios que se funden en un canto ancestral que conecta Canarias, el norte de \u00c1frica y el legado sefard\u00ed, y con el que Pieles abre un umbral hacia lo \u00edntimo, lo sagrado y lo colectivo.<\/a><\/p>\n<p>El joven\u00a0<strong>pianista Gabriel Ducatenzeiler<\/strong>\u00a0actuar\u00e1 el\u00a0<strong>s\u00e1bado 24 de enero el Auditorio de Antigua<\/strong>, a las 20.00 horas. Ser\u00e1 una ocasi\u00f3n para conocer la versatilidad y virtuosismo de uno de los pianistas con mayor proyecci\u00f3n de las islas, formado en Gran Canaria y Alemania, y que con apenas 23 a\u00f1os ha ganado ya varios premios y desarrolla una activa carrera como concertista. En este concierto interpretar\u00e1 obras desde el barroco (Bach) hasta la actualidad (Laura Vega), pasando por los grandes maestros del piano (Beethoven, Chopin, Liszt, Rachmaninov).<\/p>\n<p><a><strong>Il giardino d\u2019amor<\/strong>e har\u00e1 una parada en Fuerteventura el\u00a0<strong>s\u00e1bado 31 de enero<\/strong>, con un programa que recorre el barroco alem\u00e1n, italiano y franc\u00e9s: Vivaldi, Leclair, Rebel Westhoff, Bach, Tartini, Locke y Purcell. Esta prestigiosa formaci\u00f3n es un ensemble polaco formado por un grupo de amigos que decidieron unir sus talentos para compartir m\u00fasica, comparable a un jard\u00edn secreto, guiado por el amor al arte. Bajo la direcci\u00f3n del\u00a0<strong>violinista Stefan Plewniak,<\/strong>\u00a0estar\u00e1n en el principal escenario capitalino, a las 20.30 horas.<\/a><\/p>\n<p><a>El concierto de clausura en Fuerteventura ser\u00e1 el s\u00e1bado\u00a0<strong>7 de febrero<\/strong>\u00a0con la soprano canaria\u00a0<strong>Raquel Lojendio,<\/strong>\u00a0acompa\u00f1ada de la pianista madrile\u00f1a\u00a0<strong>Chiky Mart\u00edn<\/strong>, en este mismo escenario. Con un programa titulado \u2018<strong>Cantos de dos mundos<\/strong>\u2019 invitan al p\u00fablico a un delicioso viaje por las dos orillas atl\u00e1nticas. Ambas int\u00e9rpretes, colaboradoras habituales, recorrer\u00e1n Espa\u00f1a, Argentina y Brasil a trav\u00e9s de la obra de sus m\u00e1s destacados compositores: de Lorca a Villa-Lobos pasando por Falla, Halffter, Guastavino, Ginastera, Lorenzo Fern\u00e1ndez y Ovalle.<\/a><\/p>\n<\/div>\n","protected":false},"excerpt":{"rendered":"<p>15 diciembre, 2025 El Gobierno presenta la programaci\u00f3n en la isla, integrada porseis\u00a0conciertos entre el 14 de enero y 7 de febrero de 2026 Tambi\u00e9n estar\u00e1n Il giardino d\u2019amore, la [&hellip;]<\/p>\n","protected":false},"author":1,"featured_media":15414,"comment_status":"open","ping_status":"open","sticky":false,"template":"","format":"standard","meta":{"inline_featured_image":false,"jnews-multi-image_gallery":[],"jnews_single_post":[],"jnews_primary_category":[],"jnews_social_meta":[],"jnews_override_counter":[],"jnews_post_split":[],"footnotes":""},"categories":[58],"tags":[82],"class_list":["post-15412","post","type-post","status-publish","format-standard","has-post-thumbnail","hentry","category-cabildo","tag-fuerteventura"],"jetpack_featured_media_url":"https:\/\/informacionlocal.es\/wp-content\/uploads\/2025\/12\/fgfhf.jpeg","_links":{"self":[{"href":"https:\/\/informacionlocal.es\/en\/wp-json\/wp\/v2\/posts\/15412","targetHints":{"allow":["GET"]}}],"collection":[{"href":"https:\/\/informacionlocal.es\/en\/wp-json\/wp\/v2\/posts"}],"about":[{"href":"https:\/\/informacionlocal.es\/en\/wp-json\/wp\/v2\/types\/post"}],"author":[{"embeddable":true,"href":"https:\/\/informacionlocal.es\/en\/wp-json\/wp\/v2\/users\/1"}],"replies":[{"embeddable":true,"href":"https:\/\/informacionlocal.es\/en\/wp-json\/wp\/v2\/comments?post=15412"}],"version-history":[{"count":0,"href":"https:\/\/informacionlocal.es\/en\/wp-json\/wp\/v2\/posts\/15412\/revisions"}],"wp:featuredmedia":[{"embeddable":true,"href":"https:\/\/informacionlocal.es\/en\/wp-json\/wp\/v2\/media\/15414"}],"wp:attachment":[{"href":"https:\/\/informacionlocal.es\/en\/wp-json\/wp\/v2\/media?parent=15412"}],"wp:term":[{"taxonomy":"category","embeddable":true,"href":"https:\/\/informacionlocal.es\/en\/wp-json\/wp\/v2\/categories?post=15412"},{"taxonomy":"post_tag","embeddable":true,"href":"https:\/\/informacionlocal.es\/en\/wp-json\/wp\/v2\/tags?post=15412"}],"curies":[{"name":"wp","href":"https:\/\/api.w.org\/{rel}","templated":true}]}}