{"id":15370,"date":"2025-12-15T12:04:15","date_gmt":"2025-12-15T12:04:15","guid":{"rendered":"https:\/\/informacionlocal.es\/el-cabildo-de-fuerteventura-desactiva-el-pein-tras-la-actualizacion-de-la-alerta-meteorologica\/"},"modified":"2025-12-15T12:04:15","modified_gmt":"2025-12-15T12:04:15","slug":"el-cabildo-de-fuerteventura-desactiva-el-pein-tras-la-actualizacion-de-la-alerta-meteorologica","status":"publish","type":"post","link":"https:\/\/informacionlocal.es\/en\/el-cabildo-de-fuerteventura-desactiva-el-pein-tras-la-actualizacion-de-la-alerta-meteorologica\/","title":{"rendered":"\ufeffEl Cabildo de Fuerteventura desactiva el PEIN tras la actualizaci\u00f3n de la alerta meteorol\u00f3gica"},"content":{"rendered":"<div class=\"entry-content\"><strong>14 diciembre, 2025<\/strong><\/p>\n<p><em>La Corporaci\u00f3n insular pide mantener la prudencia y seguir las indicaciones de las autoridades<\/em><\/p>\n<p>El Cabildo de Fuerteventura ha procedido a desactivar el Plan Territorial Insular de Emergencias de Protecci\u00f3n Civil de la Isla de Fuerteventura (PEIN) a las 14.00 horas de hoy 14 de diciembre, tras la actualizaci\u00f3n de las alertas meteorol\u00f3gicas por parte de la Direcci\u00f3n General de Emergencias del Gobierno de Canarias.<\/p>\n<p>La Corporaci\u00f3n insular agradece la colaboraci\u00f3n ciudadana en la toma de precauciones pertinentes, en una situaci\u00f3n que ha transcurrido sin incidencias relevantes.<\/p>\n<p>El Servicio de Seguridad y Emergencias del Cabildo de Fuerteventura, en estrecha coordinaci\u00f3n con el Centro Coordinador de Emergencias y Seguridad (CECOES 1-1-2) y el resto de administraciones y los servicios de los diferentes ayuntamientos, ha mantenido una vigilancia continua ante la situaci\u00f3n meteorol\u00f3gica generada por la borrasca \u2018EMILIA\u2019. Se han realizado diversas asistencias, especialmente en el centro-norte de la Isla.<\/p>\n<p>Como datos acumulados, se han alcanzado rachas de viento de 90 kil\u00f3metros por hora en el muelle de Corralejo y precipitaciones de casi 40 mm en La Oliva, y temperaturas de hasta 10\u00b0C en Betancuria.<\/p>\n<p>La borrasca Emilia pierde intensidad en Fuerteventura, pero no hay que bajar la guardia. Las infraestructuras pueden haber sufrido da\u00f1os por el viento y el agua. El Cabildo de Fuerteventura pide mantener la prudencia y seguir las indicaciones de las autoridades.<\/p>\n<\/div>\n","protected":false},"excerpt":{"rendered":"<p>14 diciembre, 2025 La Corporaci\u00f3n insular pide mantener la prudencia y seguir las indicaciones de las autoridades El Cabildo de Fuerteventura ha procedido a desactivar el Plan Territorial Insular de [&hellip;]<\/p>\n","protected":false},"author":1,"featured_media":15372,"comment_status":"open","ping_status":"open","sticky":false,"template":"","format":"standard","meta":{"inline_featured_image":false,"jnews-multi-image_gallery":[],"jnews_single_post":[],"jnews_primary_category":[],"jnews_social_meta":[],"jnews_override_counter":[],"jnews_post_split":[],"footnotes":""},"categories":[58],"tags":[82],"class_list":["post-15370","post","type-post","status-publish","format-standard","has-post-thumbnail","hentry","category-cabildo","tag-fuerteventura"],"jetpack_featured_media_url":"https:\/\/informacionlocal.es\/wp-content\/uploads\/2025\/12\/nueva-guia-visual-cabildo-ftv-post-de-instagram-45-9.jpg","_links":{"self":[{"href":"https:\/\/informacionlocal.es\/en\/wp-json\/wp\/v2\/posts\/15370","targetHints":{"allow":["GET"]}}],"collection":[{"href":"https:\/\/informacionlocal.es\/en\/wp-json\/wp\/v2\/posts"}],"about":[{"href":"https:\/\/informacionlocal.es\/en\/wp-json\/wp\/v2\/types\/post"}],"author":[{"embeddable":true,"href":"https:\/\/informacionlocal.es\/en\/wp-json\/wp\/v2\/users\/1"}],"replies":[{"embeddable":true,"href":"https:\/\/informacionlocal.es\/en\/wp-json\/wp\/v2\/comments?post=15370"}],"version-history":[{"count":0,"href":"https:\/\/informacionlocal.es\/en\/wp-json\/wp\/v2\/posts\/15370\/revisions"}],"wp:featuredmedia":[{"embeddable":true,"href":"https:\/\/informacionlocal.es\/en\/wp-json\/wp\/v2\/media\/15372"}],"wp:attachment":[{"href":"https:\/\/informacionlocal.es\/en\/wp-json\/wp\/v2\/media?parent=15370"}],"wp:term":[{"taxonomy":"category","embeddable":true,"href":"https:\/\/informacionlocal.es\/en\/wp-json\/wp\/v2\/categories?post=15370"},{"taxonomy":"post_tag","embeddable":true,"href":"https:\/\/informacionlocal.es\/en\/wp-json\/wp\/v2\/tags?post=15370"}],"curies":[{"name":"wp","href":"https:\/\/api.w.org\/{rel}","templated":true}]}}