{"id":15364,"date":"2025-12-15T10:59:10","date_gmt":"2025-12-15T10:59:10","guid":{"rendered":"https:\/\/informacionlocal.es\/la-pelicula-playa-de-lobos-se-exhibe-con-exito-en-la-isla-gracias-a-fuerteventura-film-commission\/"},"modified":"2025-12-15T10:59:10","modified_gmt":"2025-12-15T10:59:10","slug":"la-pelicula-playa-de-lobos-se-exhibe-con-exito-en-la-isla-gracias-a-fuerteventura-film-commission","status":"publish","type":"post","link":"https:\/\/informacionlocal.es\/en\/la-pelicula-playa-de-lobos-se-exhibe-con-exito-en-la-isla-gracias-a-fuerteventura-film-commission\/","title":{"rendered":"La pel\u00edcula \u2018Playa de Lobos\u2019 se exhibe con \u00e9xito en la Isla gracias a Fuerteventura Film Commission"},"content":{"rendered":"<div class=\"entry-content\"><strong>15 diciembre, 2025<\/strong><\/p>\n<p>Los multicines Yelmo Cineplex (Caleta de Fuste) acogieron con \u00e9xito dos pases especiales de la pel\u00edcula\u00a0<em>Playa de Lobos<\/em>, organizados por Fuerteventura Film Commission.<\/p>\n<p><em>Playa de Lobos<\/em>\u00a0es una comedia rodada \u00edntegramente en diferentes puntos del territorio insular, contando con 280 figurantes de Fuerteventura y dejando alrededor de un mill\u00f3n de euros de inversi\u00f3n en la Isla majorera.<\/p>\n<p>Seg\u00fan apunt\u00f3 la consejera de Fuerteventura Film Commission Nereida Calero, \u201ccon estos dos pases especiales de la pel\u00edcula en Fuerteventura, queremos trasladar, precisamente, el potencial que tiene nuestra Isla para atraer inversi\u00f3n y generar empleo en el sector audiovisual\u201d.<\/p>\n<p>\u201cUn potencial que desde Fuerteventura Film Commission queremos seguir fomentando, para que la Isla contin\u00fae siendo escenario de producciones audiovisuales que conducen a la diversificaci\u00f3n econ\u00f3mica, siempre de manera compatible con el respeto hacia nuestro territorio\u201d, a\u00f1adi\u00f3 la consejera insular.<\/p>\n<p>El viceconsejero de Cultura del Gobierno de Canarias, Horacio Umpi\u00e9rrez, destac\u00f3 el papel imprescindible de la industria cinematogr\u00e1fica en el Archipi\u00e9lago. \u201cEstamos satisfechos porque cerramos un a\u00f1o en el que posiblemente superemos las cifras del a\u00f1o anterior: casi 134 producciones en toda Canarias. Desde Canary Islands Film trabajamos para seguir creando un sector que d\u00e9 respuesta a esta demanda\u201d.<\/p>\n<p>Estuvieron presentes, adem\u00e1s, otros representantes insulares y municipales.<\/p>\n<p>La producci\u00f3n cont\u00f3 con asesoramiento y gesti\u00f3n de Fuerteventura Film Commission, teniendo como escenario principal la Playa de la Guirra en Caleta de Fuste (Antigua). Se rod\u00f3, adem\u00e1s, en otros enclaves como la carretera de las Dunas de Corralejo y Puerto de Corralejo (La Oliva), la localidad de Betancuria, as\u00ed como en zonas privadas de Tef\u00eda y Costa Calma.<\/p>\n<p>Para Javier Veiga, director del film, \u201ces muy bonito tener estos pases especiales en Fuerteventura, adem\u00e1s en una sala de cine muy cerca del escenario principal de la pel\u00edcula\u201d. \u00a0\u201cEl rodaje fue duro, con muchas grabaciones nocturnas, pero a la vez muy placentero porque la Isla da un car\u00e1cter muy especial a la pel\u00edcula y as\u00ed lo resalta tambi\u00e9n la cr\u00edtica\u201d, expuso Veiga.<\/p>\n<p><em>Playa de Lobos<\/em>\u00a0cuenta con un reparto formado por Dani Rovira, Marta Hazas, Antonia San Juan, as\u00ed como el propio director Javier Veiga. La pel\u00edcula es producida por Medio Lim\u00f3n, productora creada por Marta Hazas y Javier Veiga en su apuesta por las ficciones de autor, que tengan voz propia, para poder contar historias en primera persona.<\/p>\n<p>Javier Veiga y Marta Hazas ofrecieron posteriormente un coloquio con los espectadores para dar a conocer los detalles de la producci\u00f3n. Sobre el rodaje, Marta Hazas apunt\u00f3 que \u201cfue realmente maravilloso, muy divertido. El equipo ni siquiera se fue los fines de semanas a casa\u201d. En el caso de Caleta de Fuste, \u201celegimos est\u00e1 localizaci\u00f3n porque era perfecta, con el chiringuito donde sucede toda la pel\u00edcula que era el so\u00f1ado. El lugar que, cuando le\u00edmos el guion, ten\u00edamos en la cabeza\u201d.<\/p>\n<p>El largometraje cuenta la historia de dos tipos totalmente opuestos que coinciden al atardecer en un chiringuito de Playa frente al Islote de Lobos. Manu trabaja en un chiringuito de playa y Klaus es un turista que no quiere levantar el culo de la \u00faltima tumbona que falta por recoger. Aparentemente parece s\u00f3lo el encuentro casual de dos tipos totalmente opuestos y condenados a no entenderse. Pero Manu empieza a sospechar que Klaus no est\u00e1 en esa playa por casualidad, ni es quien dec\u00eda ser. La tensi\u00f3n va subiendo entre ellos, hasta que Klaus le hace a Manu una desconcertante y perturbadora propuesta.<\/p>\n<\/div>\n","protected":false},"excerpt":{"rendered":"<p>15 diciembre, 2025 Los multicines Yelmo Cineplex (Caleta de Fuste) acogieron con \u00e9xito dos pases especiales de la pel\u00edcula\u00a0Playa de Lobos, organizados por Fuerteventura Film Commission. Playa de Lobos\u00a0es una [&hellip;]<\/p>\n","protected":false},"author":1,"featured_media":15366,"comment_status":"open","ping_status":"open","sticky":false,"template":"","format":"standard","meta":{"inline_featured_image":false,"jnews-multi-image_gallery":[],"jnews_single_post":[],"jnews_primary_category":[],"jnews_social_meta":[],"jnews_override_counter":[],"jnews_post_split":[],"footnotes":""},"categories":[58],"tags":[82],"class_list":["post-15364","post","type-post","status-publish","format-standard","has-post-thumbnail","hentry","category-cabildo","tag-fuerteventura"],"jetpack_featured_media_url":"https:\/\/informacionlocal.es\/wp-content\/uploads\/2025\/12\/pelc3adcula3.jpeg","_links":{"self":[{"href":"https:\/\/informacionlocal.es\/en\/wp-json\/wp\/v2\/posts\/15364","targetHints":{"allow":["GET"]}}],"collection":[{"href":"https:\/\/informacionlocal.es\/en\/wp-json\/wp\/v2\/posts"}],"about":[{"href":"https:\/\/informacionlocal.es\/en\/wp-json\/wp\/v2\/types\/post"}],"author":[{"embeddable":true,"href":"https:\/\/informacionlocal.es\/en\/wp-json\/wp\/v2\/users\/1"}],"replies":[{"embeddable":true,"href":"https:\/\/informacionlocal.es\/en\/wp-json\/wp\/v2\/comments?post=15364"}],"version-history":[{"count":0,"href":"https:\/\/informacionlocal.es\/en\/wp-json\/wp\/v2\/posts\/15364\/revisions"}],"wp:featuredmedia":[{"embeddable":true,"href":"https:\/\/informacionlocal.es\/en\/wp-json\/wp\/v2\/media\/15366"}],"wp:attachment":[{"href":"https:\/\/informacionlocal.es\/en\/wp-json\/wp\/v2\/media?parent=15364"}],"wp:term":[{"taxonomy":"category","embeddable":true,"href":"https:\/\/informacionlocal.es\/en\/wp-json\/wp\/v2\/categories?post=15364"},{"taxonomy":"post_tag","embeddable":true,"href":"https:\/\/informacionlocal.es\/en\/wp-json\/wp\/v2\/tags?post=15364"}],"curies":[{"name":"wp","href":"https:\/\/api.w.org\/{rel}","templated":true}]}}