{"id":15240,"date":"2025-12-10T19:58:21","date_gmt":"2025-12-10T19:58:21","guid":{"rendered":"https:\/\/informacionlocal.es\/alicia-llarena-y-beatriz-morales-clausuran-este-jueves-la-decima-edicion-de-puerto-es-poesia\/"},"modified":"2025-12-10T19:58:21","modified_gmt":"2025-12-10T19:58:21","slug":"alicia-llarena-y-beatriz-morales-clausuran-este-jueves-la-decima-edicion-de-puerto-es-poesia","status":"publish","type":"post","link":"https:\/\/informacionlocal.es\/en\/alicia-llarena-y-beatriz-morales-clausuran-este-jueves-la-decima-edicion-de-puerto-es-poesia\/","title":{"rendered":"Alicia Llarena y Beatriz Morales clausuran este jueves la d\u00e9cima edici\u00f3n de \u2018Puerto es Poes\u00eda\u2019"},"content":{"rendered":"<div class=\"entry-content\">\n<p><strong>Ser\u00e1 a las 19.30 horas en la Casa de la Cultura de Puerto del Rosario<\/strong><\/p>\n<p><strong>\u00a0<\/strong>Las poetas Alicia Llarena y Beatriz Morales ser\u00e1n las encargadas de clausurar, este jueves, 11\u00a0 de diciembre, la d\u00e9cima edici\u00f3n de \u2018Puerto es Poes\u00eda\u2019. Ser\u00e1 a las 19.30 horas en la Casa de la Cultura de Puerto del Rosario.<\/p>\n<p>Alicia Llarena, a la que el Gobierno de Canarias ha distinguido este 2025 por el D\u00eda de las Escritoras, junto a la poeta e investigadora grancanaria Beatriz Morales, har\u00e1n una lectura de su obra po\u00e9tica acompa\u00f1adas por Pedro Clemente a la guitarra.<\/p>\n<p>\u2018Puerto es Poes\u00eda\u2019, organizado por el ayuntamiento, a trav\u00e9s de la concejal\u00eda de Cultura, cumple este a\u00f1o su d\u00e9cima edici\u00f3n, convirti\u00e9ndose as\u00ed en uno de los festivales de poes\u00eda m\u00e1s antiguos de Canarias. A lo largo de estos a\u00f1os, ha acogido a decenas de poetas del archipi\u00e9lago y del resto del territorio nacional.<\/p>\n<p>Para <strong>el alcalde, David de Vera,<\/strong> \u201ceste programa ha contado con destacados poetas y poetisas, tanto de la isla como de otros lugares, sumando talento y dando valor a\u00f1adido a la cultura del municipio\u201d.<\/p>\n<p>El <strong>concejal de Cultura, Juan Manuel Verdugo,<\/strong> declaraba que \u201cPuerto es Poes\u00eda, son diez a\u00f1os de compromiso con la cultura, con este g\u00e9nero literario que tanta admiraci\u00f3n genera y refleja la expresi\u00f3n de emociones\u201d.<\/p>\n<p>Elsa L\u00f3pez, Cecilia Dom\u00ednguez Luis, Bruno Mesa, Pedro Flores, Domingo Fuentes o Tina Su\u00e1rez, junto a poetas de la Pen\u00ednsula como la Premio Nacional de Poes\u00eda Olvido Garc\u00eda Vald\u00e9s, Mar\u00eda Ovelar, Aurora Luque o Carlos Pardo son solo algunos de los autores que han participado a lo largo de estos a\u00f1os en este encuentro con la poes\u00eda y la m\u00fasica.<\/p>\n<p>\u2018Puerto es Poes\u00eda\u2019 forma parte de la programaci\u00f3n de \u2018Saturnalia Cultural\u2019, un evento que acoge encuentros con autores, presentaciones de libros, talleres y recitales po\u00e9ticos.\u00a0 Juan Cruz, Jacobo Bergareche, Alicia Llarena, Juan Manuel de Prada, Beatriz Morales, adem\u00e1s de la presentaci\u00f3n de la biograf\u00eda de Pedro Zerolo escrita por Miquel Fern\u00e1ndez Garc\u00eda son los autores que visitar\u00e1n este mes de diciembre la Casa de la Cultura.<\/p>\n<\/div>\n","protected":false},"excerpt":{"rendered":"<p>Ser\u00e1 a las 19.30 horas en la Casa de la Cultura de Puerto del Rosario \u00a0Las poetas Alicia Llarena y Beatriz Morales ser\u00e1n las encargadas de clausurar, este jueves, 11\u00a0 [&hellip;]<\/p>\n","protected":false},"author":1,"featured_media":15242,"comment_status":"open","ping_status":"open","sticky":false,"template":"","format":"standard","meta":{"inline_featured_image":false,"jnews-multi-image_gallery":[],"jnews_single_post":[],"jnews_primary_category":[],"jnews_social_meta":[],"jnews_override_counter":[],"jnews_post_split":[],"footnotes":""},"categories":[61],"tags":[],"class_list":["post-15240","post","type-post","status-publish","format-standard","has-post-thumbnail","hentry","category-puerto-del-rosario"],"jetpack_featured_media_url":"https:\/\/informacionlocal.es\/wp-content\/uploads\/2025\/12\/casa-t-1-pto-poe-de-la-cultura-fachada-1.jpg","_links":{"self":[{"href":"https:\/\/informacionlocal.es\/en\/wp-json\/wp\/v2\/posts\/15240","targetHints":{"allow":["GET"]}}],"collection":[{"href":"https:\/\/informacionlocal.es\/en\/wp-json\/wp\/v2\/posts"}],"about":[{"href":"https:\/\/informacionlocal.es\/en\/wp-json\/wp\/v2\/types\/post"}],"author":[{"embeddable":true,"href":"https:\/\/informacionlocal.es\/en\/wp-json\/wp\/v2\/users\/1"}],"replies":[{"embeddable":true,"href":"https:\/\/informacionlocal.es\/en\/wp-json\/wp\/v2\/comments?post=15240"}],"version-history":[{"count":0,"href":"https:\/\/informacionlocal.es\/en\/wp-json\/wp\/v2\/posts\/15240\/revisions"}],"wp:featuredmedia":[{"embeddable":true,"href":"https:\/\/informacionlocal.es\/en\/wp-json\/wp\/v2\/media\/15242"}],"wp:attachment":[{"href":"https:\/\/informacionlocal.es\/en\/wp-json\/wp\/v2\/media?parent=15240"}],"wp:term":[{"taxonomy":"category","embeddable":true,"href":"https:\/\/informacionlocal.es\/en\/wp-json\/wp\/v2\/categories?post=15240"},{"taxonomy":"post_tag","embeddable":true,"href":"https:\/\/informacionlocal.es\/en\/wp-json\/wp\/v2\/tags?post=15240"}],"curies":[{"name":"wp","href":"https:\/\/api.w.org\/{rel}","templated":true}]}}