{"id":15220,"date":"2025-12-10T16:58:24","date_gmt":"2025-12-10T16:58:24","guid":{"rendered":"https:\/\/informacionlocal.es\/el-ayuntamiento-de-pajara-impulsa-un-plan-de-accesibilidad-turistica-para-un-destino-mas-inclusivo\/"},"modified":"2025-12-10T16:58:24","modified_gmt":"2025-12-10T16:58:24","slug":"el-ayuntamiento-de-pajara-impulsa-un-plan-de-accesibilidad-turistica-para-un-destino-mas-inclusivo","status":"publish","type":"post","link":"https:\/\/informacionlocal.es\/en\/el-ayuntamiento-de-pajara-impulsa-un-plan-de-accesibilidad-turistica-para-un-destino-mas-inclusivo\/","title":{"rendered":"El Ayuntamiento de P\u00e1jara impulsa un Plan de Accesibilidad Tur\u00edstica para un destino m\u00e1s inclusivo"},"content":{"rendered":"<div class=\"entry-content\">\n<p>El Excmo. Ayuntamiento de P\u00e1jara, con la colaboraci\u00f3n de la entidad p\u00fablica Gesplan S.A. y con la financiaci\u00f3n de los Fondos NextGenerationEU en el Plan de Sostenibilidad Tur\u00edstica en Destino de P\u00e1jara, ha iniciado la elaboraci\u00f3n del Plan de Accesibilidad Tur\u00edstico del Municipio, un instrumento estrat\u00e9gico cuyo objetivo es avanzar de forma progresiva hacia unos entornos, productos y servicios tur\u00edsticos plenamente accesibles. Se busca garantizar que todas las personas puedan disfrutar del Municipio de manera c\u00f3moda, segura, libre y aut\u00f3noma.<\/p>\n<p>Con este plan, <strong>el Ayuntamiento definir\u00e1 la visi\u00f3n y la hoja de ruta en materia de accesibilidad universal para los pr\u00f3ximos a\u00f1os<\/strong>, estableciendo las l\u00edneas estrat\u00e9gicas que guiar\u00e1n las actuaciones municipales. El Plan aspira a ser un motor de modernizaci\u00f3n y una herramienta clave para crear entornos y servicios de mayor calidad, beneficiando tanto a la poblaci\u00f3n residente como a las personas visitantes.<\/p>\n<p>Conscientes de la importancia de este proyecto, el Ayuntamiento desarrollar\u00e1 diversas <strong>acciones participativas<\/strong> con un doble objetivo: informar a la ciudadan\u00eda y a los distintos colectivos sobre el proceso de redacci\u00f3n del Plan, y recoger de primera mano las opiniones, necesidades y expectativas de la poblaci\u00f3n y del sector tur\u00edstico.<\/p>\n<p>La participaci\u00f3n ciudadana permitir\u00e1 elaborar un diagn\u00f3stico compartido que identifique necesidades, barreras y oportunidades para avanzar hacia un modelo tur\u00edstico m\u00e1s accesible, inclusivo y alineado con los principios de accesibilidad universal. Como primera acci\u00f3n participativa, ponemos a disposici\u00f3n de la ciudadan\u00eda una encuesta en l\u00ednea, a la que se puede acceder a trav\u00e9s del siguiente enlace:<\/p>\n<p><strong>ENCUESTA DE PARTICIPACI\u00d3N<\/strong><\/p>\n<p><strong>ESPA\u00d1OL:<\/strong><br \/>\nhttps:\/\/forms.gle\/SomJK63g4fjevVMb8<\/p>\n<p><strong>INGL\u00c9S:<\/strong><br \/>\nhttps:\/\/forms.gle\/688245XHrPVYU5FZ8<\/p>\n<p><strong>ALEM\u00c1N:<\/strong><br \/>\nhttps:\/\/forms.gle\/4y6zzBmDJeZbFqtB7<\/p>\n<p>Juntos podemos hacer de P\u00e1jara un destino m\u00e1s inclusivo. Participe en la encuesta y ay\u00fadenos a lograrlo.<\/p>\n<\/div>\n","protected":false},"excerpt":{"rendered":"<p>El Excmo. Ayuntamiento de P\u00e1jara, con la colaboraci\u00f3n de la entidad p\u00fablica Gesplan S.A. y con la financiaci\u00f3n de los Fondos NextGenerationEU en el Plan de Sostenibilidad Tur\u00edstica en Destino [&hellip;]<\/p>\n","protected":false},"author":1,"featured_media":15224,"comment_status":"open","ping_status":"open","sticky":false,"template":"","format":"standard","meta":{"inline_featured_image":false,"jnews-multi-image_gallery":[],"jnews_single_post":[],"jnews_primary_category":[],"jnews_social_meta":[],"jnews_override_counter":[],"jnews_post_split":[],"footnotes":""},"categories":[63],"tags":[],"class_list":["post-15220","post","type-post","status-publish","format-standard","has-post-thumbnail","hentry","category-pajara"],"jetpack_featured_media_url":"https:\/\/informacionlocal.es\/wp-content\/uploads\/2025\/12\/banner-encuesta.jpg","_links":{"self":[{"href":"https:\/\/informacionlocal.es\/en\/wp-json\/wp\/v2\/posts\/15220","targetHints":{"allow":["GET"]}}],"collection":[{"href":"https:\/\/informacionlocal.es\/en\/wp-json\/wp\/v2\/posts"}],"about":[{"href":"https:\/\/informacionlocal.es\/en\/wp-json\/wp\/v2\/types\/post"}],"author":[{"embeddable":true,"href":"https:\/\/informacionlocal.es\/en\/wp-json\/wp\/v2\/users\/1"}],"replies":[{"embeddable":true,"href":"https:\/\/informacionlocal.es\/en\/wp-json\/wp\/v2\/comments?post=15220"}],"version-history":[{"count":0,"href":"https:\/\/informacionlocal.es\/en\/wp-json\/wp\/v2\/posts\/15220\/revisions"}],"wp:featuredmedia":[{"embeddable":true,"href":"https:\/\/informacionlocal.es\/en\/wp-json\/wp\/v2\/media\/15224"}],"wp:attachment":[{"href":"https:\/\/informacionlocal.es\/en\/wp-json\/wp\/v2\/media?parent=15220"}],"wp:term":[{"taxonomy":"category","embeddable":true,"href":"https:\/\/informacionlocal.es\/en\/wp-json\/wp\/v2\/categories?post=15220"},{"taxonomy":"post_tag","embeddable":true,"href":"https:\/\/informacionlocal.es\/en\/wp-json\/wp\/v2\/tags?post=15220"}],"curies":[{"name":"wp","href":"https:\/\/api.w.org\/{rel}","templated":true}]}}