{"id":15208,"date":"2025-12-10T14:58:28","date_gmt":"2025-12-10T14:58:28","guid":{"rendered":"https:\/\/informacionlocal.es\/el-cabildo-agiliza-las-obras-del-proyecto-de-restauracion-ambiental-en-la-estacion-biologica-de-la-oliva\/"},"modified":"2025-12-10T14:58:28","modified_gmt":"2025-12-10T14:58:28","slug":"el-cabildo-agiliza-las-obras-del-proyecto-de-restauracion-ambiental-en-la-estacion-biologica-de-la-oliva","status":"publish","type":"post","link":"https:\/\/informacionlocal.es\/en\/el-cabildo-agiliza-las-obras-del-proyecto-de-restauracion-ambiental-en-la-estacion-biologica-de-la-oliva\/","title":{"rendered":"El Cabildo agiliza las obras del proyecto de restauraci\u00f3n ambiental en la Estaci\u00f3n Biol\u00f3gica de La Oliva"},"content":{"rendered":"<div class=\"entry-content\"><strong>10 diciembre, 2025<\/strong><\/p>\n<p><strong><em>Las actuaciones se dirigen a recuperar la flora aut\u00f3ctona y reforzar las infraestructuras para la reproducci\u00f3n de especies vegetales nativas<\/em><\/strong><\/p>\n<p>El Cabildo de Fuerteventura prosigue los trabajos del proyecto para la restauraci\u00f3n de ecosistemas terrestres que desarrolla la Consejer\u00eda de Medio Ambiente en la Estaci\u00f3n Biol\u00f3gica de La Oliva.<\/p>\n<p>Ya se encuentra avanzada la construcci\u00f3n de un invernadero multit\u00fanel, de 3.224,50 metros cuadrados, dirigido a mejorar las condiciones de obtenci\u00f3n y mantenimiento de especies vegetales a propagar. Le acompa\u00f1ar\u00e1 una nave complementaria de 237,50 metros cuadrados que albergar\u00e1 zona de almacenamiento y preparaci\u00f3n de sustratos. \u00a0\u00a0<\/p>\n<p>Asimismo, se incluye un banco de germoplasma de 2.626 metros cuadrados que actuar\u00e1 como banco de semillas y esquejes, as\u00ed como muestrario de la flora de la Isla, entre otras dotaciones.<\/p>\n<p>El proyecto de recuperaci\u00f3n de ecosistemas terrestres contempla, adem\u00e1s, actuaciones de reforestaci\u00f3n en Castillo de Lara (Betancuria).<\/p>\n<p>El consejero de Medio Ambiente, Carlos Rodr\u00edguez, se\u00f1ala que \u201cproteger y recuperar nuestros ecosistemas es invertir en el futuro de Fuerteventura. Este proyecto nos permite devolver vida a la flora aut\u00f3ctona y asegurar la biodiversidad de la isla, convirtiendo a la Estaci\u00f3n Biol\u00f3gica en referente de conservaci\u00f3n y sostenibilidad\u201d.<\/p>\n<p>El proyecto cuenta con fondos Next Generation dentro del Plan de Recuperaci\u00f3n,<\/p>\n<p>Transformaci\u00f3n y Resiliencia Nacional (PRTR), enmarcado en el componente 4, inversi\u00f3n 3 de la Consejer\u00eda de Transici\u00f3n Ecol\u00f3gica y Energ\u00eda del Gobierno de Canarias.<\/p>\n<p>Con estas actuaciones se espera que se recupere la flora aut\u00f3ctona, se eliminen las especies t\u00f3xicas invasoras, aumente la biodiversidad y crear infraestructuras que permitan la producci\u00f3n de especies vegetales nativas.<\/p>\n<\/div>\n","protected":false},"excerpt":{"rendered":"<p>10 diciembre, 2025 Las actuaciones se dirigen a recuperar la flora aut\u00f3ctona y reforzar las infraestructuras para la reproducci\u00f3n de especies vegetales nativas El Cabildo de Fuerteventura prosigue los trabajos [&hellip;]<\/p>\n","protected":false},"author":1,"featured_media":15210,"comment_status":"open","ping_status":"open","sticky":false,"template":"","format":"standard","meta":{"inline_featured_image":false,"jnews-multi-image_gallery":[],"jnews_single_post":[],"jnews_primary_category":[],"jnews_social_meta":[],"jnews_override_counter":[],"jnews_post_split":[],"footnotes":""},"categories":[58],"tags":[82,76],"class_list":["post-15208","post","type-post","status-publish","format-standard","has-post-thumbnail","hentry","category-cabildo","tag-fuerteventura","tag-medio-ambiente"],"jetpack_featured_media_url":"https:\/\/informacionlocal.es\/wp-content\/uploads\/2025\/12\/invernaderos-estacic3b3n-biolc3b3gica1.jpeg","_links":{"self":[{"href":"https:\/\/informacionlocal.es\/en\/wp-json\/wp\/v2\/posts\/15208","targetHints":{"allow":["GET"]}}],"collection":[{"href":"https:\/\/informacionlocal.es\/en\/wp-json\/wp\/v2\/posts"}],"about":[{"href":"https:\/\/informacionlocal.es\/en\/wp-json\/wp\/v2\/types\/post"}],"author":[{"embeddable":true,"href":"https:\/\/informacionlocal.es\/en\/wp-json\/wp\/v2\/users\/1"}],"replies":[{"embeddable":true,"href":"https:\/\/informacionlocal.es\/en\/wp-json\/wp\/v2\/comments?post=15208"}],"version-history":[{"count":0,"href":"https:\/\/informacionlocal.es\/en\/wp-json\/wp\/v2\/posts\/15208\/revisions"}],"wp:featuredmedia":[{"embeddable":true,"href":"https:\/\/informacionlocal.es\/en\/wp-json\/wp\/v2\/media\/15210"}],"wp:attachment":[{"href":"https:\/\/informacionlocal.es\/en\/wp-json\/wp\/v2\/media?parent=15208"}],"wp:term":[{"taxonomy":"category","embeddable":true,"href":"https:\/\/informacionlocal.es\/en\/wp-json\/wp\/v2\/categories?post=15208"},{"taxonomy":"post_tag","embeddable":true,"href":"https:\/\/informacionlocal.es\/en\/wp-json\/wp\/v2\/tags?post=15208"}],"curies":[{"name":"wp","href":"https:\/\/api.w.org\/{rel}","templated":true}]}}