{"id":15190,"date":"2025-12-10T11:58:22","date_gmt":"2025-12-10T11:58:22","guid":{"rendered":"https:\/\/informacionlocal.es\/cabildo-y-gdr-maxorata-organizan-dos-jornadas-creativas-para-descubrir-el-valor-de-la-lana-local\/"},"modified":"2025-12-10T11:58:22","modified_gmt":"2025-12-10T11:58:22","slug":"cabildo-y-gdr-maxorata-organizan-dos-jornadas-creativas-para-descubrir-el-valor-de-la-lana-local","status":"publish","type":"post","link":"https:\/\/informacionlocal.es\/en\/cabildo-y-gdr-maxorata-organizan-dos-jornadas-creativas-para-descubrir-el-valor-de-la-lana-local\/","title":{"rendered":"Cabildo y GDR Maxorata organizan dos jornadas creativas para descubrir el valor de la lana local"},"content":{"rendered":"<div class=\"entry-content\"><strong>10 diciembre, 2025<\/strong><\/p>\n<p><strong><em>La iniciativa ofrece un espacio para conectar con la artesan\u00eda, la<br \/>\ncreatividad y la tradici\u00f3n a trav\u00e9s de la lana<\/em><\/strong><\/p>\n<p>El Cabildo de Fuerteventura, mediante el \u00e1rea de Sector Primario<br \/>\nque dirige Mat\u00edas Pe\u00f1a, y la Asociaci\u00f3n para la Gesti\u00f3n del Desarrollo Rural<br \/>\nMaxorata organizan el \u2018Taller de Iniciaci\u00f3n a la Transformaci\u00f3n de la Lana.<br \/>\nEspecial de Navidad\u2019, una propuesta destinada a todas las edades que invita a<br \/>\ndescubrir, disfrutar y poner en valor el trabajo artesanal. <\/p>\n<p>La jornada se desarrollar\u00e1 en dos fases complementarias. En la<br \/>\nprimera, las personas participantes trabajar\u00e1n directamente con el vell\u00f3n,<br \/>\naprendiendo a lavar la lana, dejarla secar y cardarla. Durante este proceso, se<br \/>\nexplicar\u00e1 la forma tradicional de realizar estas tareas, al mismo tiempo que se<br \/>\nobservar\u00e1n las sensaciones que despierta el contacto con el material: su<br \/>\ntemperatura, su sonido y la suavidad de sus fibras.<\/p>\n<p>La segunda fase estar\u00e1 orientada a la creaci\u00f3n de adornos<br \/>\nnavide\u00f1os, permitiendo que desde la propia imaginaci\u00f3n de cada participante<br \/>\nsurjan piezas originales para celebrar las fiestas. <\/p>\n<p>Los talleres ser\u00e1n impartidos por Beatriz Ballester, artesana<br \/>\nherre\u00f1a especializada en hilado de lana.<\/p>\n<p>El primer taller tendr\u00e1 lugar el viernes 12 de diciembre, en<br \/>\nhorario de 16.00 a 20.00, en el Centro Cultural de La Corte, en el municipio de<br \/>\nAntigua. El segundo taller se celebrar\u00e1 al d\u00eda siguiente, s\u00e1bado 13 de diciembre,<br \/>\nde 10.00 a 14.00, en el Centro Cultural de P\u00e1jara.<\/p>\n<p>Las plazas son limitadas, con un m\u00e1ximo de 15 participantes por<br \/>\nsesi\u00f3n. Quienes deseen participar debe inscribirse previamente a trav\u00e9s del<br \/>\ncorreo gdrmaxoratacursos@gmail.com\u00a0 o del tel\u00e9fono 633 09 39 03.<\/p>\n<p>La propuesta es financiada con propios de GDR-Maxorata, en el<br \/>\nmarco del programa PEPAC 2023-2027 LEADER, con el apoyo de la Consejer\u00eda de<br \/>\nAgricultura, Ganader\u00eda y Pesca del Cabildo de Fuerteventura.<\/p>\n<\/div>\n","protected":false},"excerpt":{"rendered":"<p>10 diciembre, 2025 La iniciativa ofrece un espacio para conectar con la artesan\u00eda, la creatividad y la tradici\u00f3n a trav\u00e9s de la lana El Cabildo de Fuerteventura, mediante el \u00e1rea [&hellip;]<\/p>\n","protected":false},"author":1,"featured_media":15192,"comment_status":"open","ping_status":"open","sticky":false,"template":"","format":"standard","meta":{"inline_featured_image":false,"jnews-multi-image_gallery":[],"jnews_single_post":[],"jnews_primary_category":[],"jnews_social_meta":[],"jnews_override_counter":[],"jnews_post_split":[],"footnotes":""},"categories":[58],"tags":[82],"class_list":["post-15190","post","type-post","status-publish","format-standard","has-post-thumbnail","hentry","category-cabildo","tag-fuerteventura"],"jetpack_featured_media_url":"https:\/\/informacionlocal.es\/wp-content\/uploads\/2025\/12\/gdr-maxorata-1.jpeg","_links":{"self":[{"href":"https:\/\/informacionlocal.es\/en\/wp-json\/wp\/v2\/posts\/15190","targetHints":{"allow":["GET"]}}],"collection":[{"href":"https:\/\/informacionlocal.es\/en\/wp-json\/wp\/v2\/posts"}],"about":[{"href":"https:\/\/informacionlocal.es\/en\/wp-json\/wp\/v2\/types\/post"}],"author":[{"embeddable":true,"href":"https:\/\/informacionlocal.es\/en\/wp-json\/wp\/v2\/users\/1"}],"replies":[{"embeddable":true,"href":"https:\/\/informacionlocal.es\/en\/wp-json\/wp\/v2\/comments?post=15190"}],"version-history":[{"count":0,"href":"https:\/\/informacionlocal.es\/en\/wp-json\/wp\/v2\/posts\/15190\/revisions"}],"wp:featuredmedia":[{"embeddable":true,"href":"https:\/\/informacionlocal.es\/en\/wp-json\/wp\/v2\/media\/15192"}],"wp:attachment":[{"href":"https:\/\/informacionlocal.es\/en\/wp-json\/wp\/v2\/media?parent=15190"}],"wp:term":[{"taxonomy":"category","embeddable":true,"href":"https:\/\/informacionlocal.es\/en\/wp-json\/wp\/v2\/categories?post=15190"},{"taxonomy":"post_tag","embeddable":true,"href":"https:\/\/informacionlocal.es\/en\/wp-json\/wp\/v2\/tags?post=15190"}],"curies":[{"name":"wp","href":"https:\/\/api.w.org\/{rel}","templated":true}]}}