{"id":15178,"date":"2025-12-09T22:58:23","date_gmt":"2025-12-09T22:58:23","guid":{"rendered":"https:\/\/informacionlocal.es\/puerto-del-rosario-impulsa-el-programa-comunitario-deporte-y-salud-en-familia\/"},"modified":"2025-12-09T22:58:23","modified_gmt":"2025-12-09T22:58:23","slug":"puerto-del-rosario-impulsa-el-programa-comunitario-deporte-y-salud-en-familia","status":"publish","type":"post","link":"https:\/\/informacionlocal.es\/en\/puerto-del-rosario-impulsa-el-programa-comunitario-deporte-y-salud-en-familia\/","title":{"rendered":"Puerto del Rosario impulsa el programa comunitario \u201cDeporte y Salud en Familia\u201d"},"content":{"rendered":"<div class=\"entry-content\">\n<p>La presentaci\u00f3n ten\u00eda lugar a mediod\u00eda del martes, 09 de diciembre, en dependencias municipales. Puerto del Rosario impulsa el programa comunitario \u201cDeporte y Salud en Familia\u201d para promover h\u00e1bitos de vida saludable y fortalecer los v\u00ednculos familiares.<\/p>\n<p>El ayuntamiento, a trav\u00e9s de las \u00e1reas de Servicios Sociales, Educaci\u00f3n y Participaci\u00f3n Ciudadana, pone en marcha el nuevo programa comunitario \u201cDeporte y Salud en Familia\u201d, una iniciativa dirigida a fomentar estilos de vida saludable, promover la actividad f\u00edsica compartida y reforzar los lazos familiares mediante actividades l\u00fadicas y educativas en espacios p\u00fablicos del municipio.<\/p>\n<p>El programa, orientado a familias con ni\u00f1os y ni\u00f1as de entre 5 y 12 a\u00f1os, combina sesiones deportivas, din\u00e1micas de cooperaci\u00f3n intergeneracional \u201cJuega en Familia\u201d y talleres formativos sobre bienestar emocional, nutrici\u00f3n y h\u00e1bitos saludables. Su car\u00e1cter itinerante permitir\u00e1 que las actividades se desarrollen en diferentes parques, plazas y espacios municipales, acercando la propuesta a todos los barrios del municipio.<\/p>\n<p>El <strong>alcalde, David de Vera<\/strong>, hac\u00eda una invitaci\u00f3n \u201cpara que las familias participen en este interesante programa que se desarrolla en diferentes puntos del municipio y est\u00e1 dise\u00f1ado para abordar varios aspectos relacionados con la salud, el deporte y el bienestar familiar\u201d.<\/p>\n<p>La <strong>concejala de Participaci\u00f3n Ciudadana, Jenifer P\u00e9rez<\/strong>, destacaba \u201cla importancia de realizar este tipo de actuaciones en grupo, ya que, con esta f\u00f3rmula, las actividades crean esa sinergia necesaria para poder llevarlas a cabo con \u00e9xito entre los diferentes participantes\u201d.<\/p>\n<p>Para el <strong>preparador f\u00edsico, Jos\u00e9 Pe\u00f1a, <\/strong>\u201ceste programa es una buena oportunidad para practicar y poder comprender mejor la importancia de la prevenci\u00f3n, la actividad deportiva y los h\u00e1bitos saludables de la mano de diferentes profesionales\u201d.<\/p>\n<p>Durante aproximadamente cinco semanas, las familias participantes podr\u00e1n disfrutar de 10 sesiones presenciales de 90 minutos de duraci\u00f3n, que incluir\u00e1n diferentes tipos de ejercicios f\u00edsicos adaptados, circuitos cooperativos, juegos tradicionales, talleres de salud postural y otras propuestas dise\u00f1adas bajo criterios de igualdad, accesibilidad e inclusi\u00f3n.<\/p>\n<p>El Ayuntamiento destaca que este programa responde a la necesidad de impulsar acciones de prevenci\u00f3n comunitaria y promoci\u00f3n del bienestar mientras se encuentra en fase de elaboraci\u00f3n el pliego del contrato principal de intervenci\u00f3n social y educativa. Adem\u00e1s, la iniciativa se alinea con el II Plan Municipal de Infancia y Adolescencia, concretamente con su Actuaci\u00f3n 22:<\/p>\n<p>\u201cProgramaci\u00f3n de Ocio en Familia\u201d, que incentiva actividades l\u00fadico-deportivas en espacios p\u00fablicos con enfoque comunitario.<\/p>\n<p>El proyecto tambi\u00e9n contribuye al cumplimiento de los Objetivos de Desarrollo Sostenible, especialmente el ODS 3 (Salud y Bienestar) y el ODS 11 (Ciudades y Comunidades Sostenibles), promoviendo el uso activo y saludable de los espacios p\u00fablicos y reforzando la cohesi\u00f3n social.<\/p>\n<p>Puerto del Rosario reafirma as\u00ed su compromiso con la convivencia, la participaci\u00f3n comunitaria y el bienestar integral de las familias del municipio.<\/p>\n<p>Las inscripciones se pueden realizar a trav\u00e9s del c\u00f3digo QR del cartel anunciador.<\/p>\n<p>El viernes, 12 de diciembre, de 17:00 a 18:30 la cita ser\u00e1 en la plaza de Fabelo<\/p>\n<p>El s\u00e1bado, 13 de diciembre, de 10:00 a 11:30 el punto de encuentro en CAI Los Pozos<\/p>\n<p>\u00a0<\/p>\n<\/div>\n","protected":false},"excerpt":{"rendered":"<p>La presentaci\u00f3n ten\u00eda lugar a mediod\u00eda del martes, 09 de diciembre, en dependencias municipales. Puerto del Rosario impulsa el programa comunitario \u201cDeporte y Salud en Familia\u201d para promover h\u00e1bitos de [&hellip;]<\/p>\n","protected":false},"author":1,"featured_media":15180,"comment_status":"open","ping_status":"open","sticky":false,"template":"","format":"standard","meta":{"inline_featured_image":false,"jnews-multi-image_gallery":[],"jnews_single_post":[],"jnews_primary_category":[],"jnews_social_meta":[],"jnews_override_counter":[],"jnews_post_split":[],"footnotes":""},"categories":[61],"tags":[73],"class_list":["post-15178","post","type-post","status-publish","format-standard","has-post-thumbnail","hentry","category-puerto-del-rosario","tag-educacion"],"jetpack_featured_media_url":"https:\/\/informacionlocal.es\/wp-content\/uploads\/2025\/12\/salud-t-1-y-familia-alcalde-habla.jpg","_links":{"self":[{"href":"https:\/\/informacionlocal.es\/en\/wp-json\/wp\/v2\/posts\/15178","targetHints":{"allow":["GET"]}}],"collection":[{"href":"https:\/\/informacionlocal.es\/en\/wp-json\/wp\/v2\/posts"}],"about":[{"href":"https:\/\/informacionlocal.es\/en\/wp-json\/wp\/v2\/types\/post"}],"author":[{"embeddable":true,"href":"https:\/\/informacionlocal.es\/en\/wp-json\/wp\/v2\/users\/1"}],"replies":[{"embeddable":true,"href":"https:\/\/informacionlocal.es\/en\/wp-json\/wp\/v2\/comments?post=15178"}],"version-history":[{"count":0,"href":"https:\/\/informacionlocal.es\/en\/wp-json\/wp\/v2\/posts\/15178\/revisions"}],"wp:featuredmedia":[{"embeddable":true,"href":"https:\/\/informacionlocal.es\/en\/wp-json\/wp\/v2\/media\/15180"}],"wp:attachment":[{"href":"https:\/\/informacionlocal.es\/en\/wp-json\/wp\/v2\/media?parent=15178"}],"wp:term":[{"taxonomy":"category","embeddable":true,"href":"https:\/\/informacionlocal.es\/en\/wp-json\/wp\/v2\/categories?post=15178"},{"taxonomy":"post_tag","embeddable":true,"href":"https:\/\/informacionlocal.es\/en\/wp-json\/wp\/v2\/tags?post=15178"}],"curies":[{"name":"wp","href":"https:\/\/api.w.org\/{rel}","templated":true}]}}