{"id":15172,"date":"2025-12-09T21:58:23","date_gmt":"2025-12-09T21:58:23","guid":{"rendered":"https:\/\/informacionlocal.es\/familias-y-peques-en-caleta-de-fuste-podran-disfrutar-de-cuentos-para-merendar-con-gemage\/"},"modified":"2025-12-09T21:58:23","modified_gmt":"2025-12-09T21:58:23","slug":"familias-y-peques-en-caleta-de-fuste-podran-disfrutar-de-cuentos-para-merendar-con-gemage","status":"publish","type":"post","link":"https:\/\/informacionlocal.es\/en\/familias-y-peques-en-caleta-de-fuste-podran-disfrutar-de-cuentos-para-merendar-con-gemage\/","title":{"rendered":"Familias y peques en Caleta de Fuste podr\u00e1n disfrutar de Cuentos para Merendar con GemaGe"},"content":{"rendered":"<div class=\"elementor-widget-container\">\n<p><strong>Familias y peques en Caleta de Fuste podr\u00e1n disfrutar de Cuentos para Merendar con GemaGe<\/strong><\/p>\n<p><strong>\u2022 Jueves 11 de 17:30 a 18:30 horas, Cuentos para Merendar, para todos los p\u00fablicos desde los 4 a\u00f1os. <\/strong><br \/><strong>\u2022 Lunes 15 de 17:00 a 18:00 horas, Taller Leer en Familia, para padres, madres, cuidadores y tutores de menores de 0 a 12 a\u00f1os de edad.<\/strong><\/p>\n<p>El Ayuntamiento de Antigua desde la concejal\u00eda de Cultura mantiene un programa din\u00e1mico y continuo de actividades y eventos culturales en diferentes localidades del Municipio y a distintos perfiles de p\u00fabico para su disfrute, afirma el alcalde, Mat\u00edas Pe\u00f1a, as\u00ed nos es grato presentar dos nuevas citas de la mano de la conocida cuentacuentos, Gema Guti\u00e9rrez.<\/p>\n<p>Regresa la popular cuenta cuentos Gema Ge con dos divertidas propuestas, dirigidas a un perfil infantil y familiar, detalla el concejal de Cultura, Jonathan Pe\u00f1a, este jueves 11 de 17:30 a 18:30 horas Cuentos para Merendar dirigido a todos los p\u00fablicos desde los 4 a\u00f1os, y el pr\u00f3ximo lunes 15 de 17:00 a 18:00 horas el Taller Leer en Familia para aquellos mayores que cuidan de menores entre 0 y 12 a\u00f1os.<\/p>\n<p>Ambas citas tendr\u00e1n lugar en el Centro Cultural de Caleta de Fuste, la primera invita a merendar en compa\u00f1\u00eda, escuchando historias imaginativas, sue\u00f1os y cuentos m\u00e1gicos, y la segunda, a\u00f1ade el concejal, ofrece un taller pr\u00e1ctico y activo dirigido a familiares, tutores y cuidadores de menores entre 0 y 12 a\u00f1os, aportando trucos, juegos grupales y herramientas que fortalecen los v\u00ednculos afectivos y la comunicaci\u00f3n familiar.<\/p>\n<\/div>\n","protected":false},"excerpt":{"rendered":"<p><strong>Familias y peques en Caleta de Fuste podr\u00e1n disfrutar de Cuentos para Merendar con GemaGe<\/strong><\/p>\n","protected":false},"author":1,"featured_media":15174,"comment_status":"open","ping_status":"open","sticky":false,"template":"","format":"standard","meta":{"inline_featured_image":false,"jnews-multi-image_gallery":[],"jnews_single_post":[],"jnews_primary_category":[],"jnews_social_meta":[],"jnews_override_counter":[],"jnews_post_split":[],"footnotes":""},"categories":[59],"tags":[69],"class_list":["post-15172","post","type-post","status-publish","format-standard","has-post-thumbnail","hentry","category-antigua","tag-eventos"],"jetpack_featured_media_url":"https:\/\/informacionlocal.es\/wp-content\/uploads\/2025\/12\/cartel-actividades-cuentos-c-c-caleta-de-fuste.png","_links":{"self":[{"href":"https:\/\/informacionlocal.es\/en\/wp-json\/wp\/v2\/posts\/15172","targetHints":{"allow":["GET"]}}],"collection":[{"href":"https:\/\/informacionlocal.es\/en\/wp-json\/wp\/v2\/posts"}],"about":[{"href":"https:\/\/informacionlocal.es\/en\/wp-json\/wp\/v2\/types\/post"}],"author":[{"embeddable":true,"href":"https:\/\/informacionlocal.es\/en\/wp-json\/wp\/v2\/users\/1"}],"replies":[{"embeddable":true,"href":"https:\/\/informacionlocal.es\/en\/wp-json\/wp\/v2\/comments?post=15172"}],"version-history":[{"count":0,"href":"https:\/\/informacionlocal.es\/en\/wp-json\/wp\/v2\/posts\/15172\/revisions"}],"wp:featuredmedia":[{"embeddable":true,"href":"https:\/\/informacionlocal.es\/en\/wp-json\/wp\/v2\/media\/15174"}],"wp:attachment":[{"href":"https:\/\/informacionlocal.es\/en\/wp-json\/wp\/v2\/media?parent=15172"}],"wp:term":[{"taxonomy":"category","embeddable":true,"href":"https:\/\/informacionlocal.es\/en\/wp-json\/wp\/v2\/categories?post=15172"},{"taxonomy":"post_tag","embeddable":true,"href":"https:\/\/informacionlocal.es\/en\/wp-json\/wp\/v2\/tags?post=15172"}],"curies":[{"name":"wp","href":"https:\/\/api.w.org\/{rel}","templated":true}]}}