{"id":15154,"date":"2025-12-09T18:58:26","date_gmt":"2025-12-09T18:58:26","guid":{"rendered":"https:\/\/informacionlocal.es\/la-oliva-recibe-la-navidad-con-la-cuarta-edicion-de-un-mundo-de-fantasia\/"},"modified":"2025-12-09T18:58:26","modified_gmt":"2025-12-09T18:58:26","slug":"la-oliva-recibe-la-navidad-con-la-cuarta-edicion-de-un-mundo-de-fantasia","status":"publish","type":"post","link":"https:\/\/informacionlocal.es\/en\/la-oliva-recibe-la-navidad-con-la-cuarta-edicion-de-un-mundo-de-fantasia\/","title":{"rendered":"La Oliva recibe la Navidad con la cuarta edici\u00f3n de \u2018Un Mundo de Fantas\u00eda\u2019"},"content":{"rendered":"<p>Ya ha llegado la Navidad. El Ayuntamiento de La Oliva presenta, a trav\u00e9s de la Concejal\u00eda de Cultura, con David Hern\u00e1ndez al frente, el encuentro m\u00e1s especial de diciembre, \u2018Un Mundo de Fantas\u00eda\u2019. As\u00ed pues, del 11 al 14 de diciembre, La Oliva acoger\u00e1 diferentes actividades en un programa dise\u00f1ado para toda la familia. <\/p>\n<p>Entre los actos m\u00e1s destacados se encuentra el tradicional encendido de luces, diferentes espect\u00e1culos familiares, el mercado navide\u00f1o, talleres infantiles, el tradicional encuentro de villancicos, pasacalles, llegada de Pap\u00e1 Noel, espect\u00e1culo de luces \u2018Destellos de Navidad\u2019, tributo a Hombres G, concierto de Mejor Con Copas, una mini feria de atracciones, con la colaboraci\u00f3n de la Concejal\u00eda de Turismo, adem\u00e1s de otras sorpresas que convertir\u00e1n la Plaza de La Oliva en un universo m\u00e1gico. <\/p>\n<p>El alcalde de La Oliva, Isa\u00ed Blanco invita a toda la poblaci\u00f3n del municipio a disfrutar del encuentro cultural durante estas fechas tan especiales: \u201cComo todos los a\u00f1os, La Oliva recibe la Navidad de una forma especial con una amplia programaci\u00f3n para toda la familia. Les invitamos que vengan a disfrutar de este encuentro y de la festividad navide\u00f1a del 11 al 14 de diciembre.\u201d <\/p>\n<p>Por su parte, el concejal de Cultura, David Hern\u00e1ndez, destaca: \u201cUn a\u00f1o m\u00e1s traemos la navidad a la Plaza de La Oliva con diferentes actos muy especiales, desde los m\u00e1s tradicionales como el encuentro de villancicos, como otros espect\u00e1culos tales como el \u2018Destellos de Navidad\u2019, unos actos \u00fanicos de los que podr\u00e1n disfrutar todos los asistentes al evento de este a\u00f1o.\u201d <\/p>\n<p>Luces, color y mucha ilusi\u00f3n con este encuentro que promete inundar de esp\u00edritu navide\u00f1o a todos los vecinos y vecinas del municipio. Sin duda, ser\u00e1 un preludio de la magia que se vivir\u00e1 el pr\u00f3ximo 5 de enero con la Gran Cabalgata para recibir la llegada de los Reyes Magos a Corralejo.<\/p>\n","protected":false},"excerpt":{"rendered":"<p><span>El Consistorio presenta el encuentro m\u00e1s especial del a\u00f1o con diferentes actividades culturales que colmar\u00e1n del esp\u00edritu navide\u00f1o a todos los asistentes en un evento que se podr\u00e1 disfrutar del 11 al 14 de diciembre<\/span><\/p>\n","protected":false},"author":1,"featured_media":15156,"comment_status":"open","ping_status":"open","sticky":false,"template":"","format":"standard","meta":{"inline_featured_image":false,"jnews-multi-image_gallery":[],"jnews_single_post":[],"jnews_primary_category":[],"jnews_social_meta":[],"jnews_override_counter":[],"jnews_post_split":[],"footnotes":""},"categories":[62],"tags":[],"class_list":["post-15154","post","type-post","status-publish","format-standard","has-post-thumbnail","hentry","category-la-oliva"],"jetpack_featured_media_url":"https:\/\/informacionlocal.es\/wp-content\/uploads\/2025\/12\/5280_3b34d4ef.png","_links":{"self":[{"href":"https:\/\/informacionlocal.es\/en\/wp-json\/wp\/v2\/posts\/15154","targetHints":{"allow":["GET"]}}],"collection":[{"href":"https:\/\/informacionlocal.es\/en\/wp-json\/wp\/v2\/posts"}],"about":[{"href":"https:\/\/informacionlocal.es\/en\/wp-json\/wp\/v2\/types\/post"}],"author":[{"embeddable":true,"href":"https:\/\/informacionlocal.es\/en\/wp-json\/wp\/v2\/users\/1"}],"replies":[{"embeddable":true,"href":"https:\/\/informacionlocal.es\/en\/wp-json\/wp\/v2\/comments?post=15154"}],"version-history":[{"count":0,"href":"https:\/\/informacionlocal.es\/en\/wp-json\/wp\/v2\/posts\/15154\/revisions"}],"wp:featuredmedia":[{"embeddable":true,"href":"https:\/\/informacionlocal.es\/en\/wp-json\/wp\/v2\/media\/15156"}],"wp:attachment":[{"href":"https:\/\/informacionlocal.es\/en\/wp-json\/wp\/v2\/media?parent=15154"}],"wp:term":[{"taxonomy":"category","embeddable":true,"href":"https:\/\/informacionlocal.es\/en\/wp-json\/wp\/v2\/categories?post=15154"},{"taxonomy":"post_tag","embeddable":true,"href":"https:\/\/informacionlocal.es\/en\/wp-json\/wp\/v2\/tags?post=15154"}],"curies":[{"name":"wp","href":"https:\/\/api.w.org\/{rel}","templated":true}]}}