{"id":15142,"date":"2025-12-09T16:59:11","date_gmt":"2025-12-09T16:59:11","guid":{"rendered":"https:\/\/informacionlocal.es\/el-cabildo-retoma-el-paseo-peatonal-entre-el-ceip-y-la-ermita-de-tesejerague\/"},"modified":"2025-12-09T16:59:11","modified_gmt":"2025-12-09T16:59:11","slug":"el-cabildo-retoma-el-paseo-peatonal-entre-el-ceip-y-la-ermita-de-tesejerague","status":"publish","type":"post","link":"https:\/\/informacionlocal.es\/en\/el-cabildo-retoma-el-paseo-peatonal-entre-el-ceip-y-la-ermita-de-tesejerague\/","title":{"rendered":"El Cabildo retoma el paseo peatonal entre el CEIP y la Ermita de Tesejerague"},"content":{"rendered":"<div class=\"entry-content\"><strong>9 diciembre, 2025<\/strong><\/p>\n<p><em><strong>La Corporaci\u00f3n insular desbloquea los problemas que obligaron a parar los trabajos y reactiva la ejecuci\u00f3n de la obra en casi 1.000 m2<\/strong><\/em><\/p>\n<p><em><strong>Tiene financiaci\u00f3n del Plan Insular de Cooperaci\u00f3n de Obras y Servicios y del Fondo de Desarrollo de Canarias (Fdcan)<\/strong><\/em><\/p>\n<p>El Cabildo de Fuerteventura, desde el servicio de Infraestructuras, ha retomado los trabajos para la creaci\u00f3n de un paseo peatonal entre el CEIP Tesejerague y la ermita. Las obras se hab\u00edan paralizado por motivos t\u00e9cnicos y administrativos que el Cabildo ya ha solventado, posibilitando la reactivaci\u00f3n del proyecto.\u00a0El proyecto tiene financiaci\u00f3n del Plan Insular de Cooperaci\u00f3n de Obras y Servicios y del Fondo de Desarrollo de Canarias (Fdcan).<\/p>\n<p>Seg\u00fan la presidenta, Lola Garc\u00eda, la actuaci\u00f3n viene a dar respuesta a la necesidad de dotar al trayecto entre el CEIP Tesejerague y la Ermita de Tesejerague de un espacio de tr\u00e1nsito personal seguro y adaptado. Especialmente los estudiantes del centro educativo, mejorando no s\u00f3lo la movilidad, sino tambi\u00e9n la seguridad de todas las personas.<\/p>\n<p>El consejero de Infraestructuras, Blas Acosta, explica que \u201cesta peque\u00f1a actuaci\u00f3n tendr\u00e1 un gran impacto en la seguridad vial de escolares, familias y vecinos en general\u201d.<\/p>\n<p>Las obras del paseo peatonal de Tesejerague vienen a dar respuesta a la necesidad de dotar de un espacio de tr\u00e1nsito peatonal al trayecto comprendido entre el CEIP Tesejerague y la ermita de la localidad.<\/p>\n<p>Dicho paseo peatonal debe ser suficientemente seguro y adaptado a las necesidades de la poblaci\u00f3n. El proyecto del paseo peatonal se ejecuta mediante el ensanchamiento de la pavimentaci\u00f3n peatonal al borde de la carretera FV-511, adaptando la accesibilidad universal y la seguridad de utilizaci\u00f3n de este espacio.<\/p>\n<p>Por tanto, se proporciona un ancho suficiente y las medidas de protecci\u00f3n adecuadas, incluyendo las obras necesarias para la correcta canalizaci\u00f3n de aguas pluviales y un sistema de riego para la nueva vegetaci\u00f3n propuesta. La superficie total del paseo asciende a 976,60 metros cuadrados.\u00a0<\/p>\n<\/div>\n","protected":false},"excerpt":{"rendered":"<p>9 diciembre, 2025 La Corporaci\u00f3n insular desbloquea los problemas que obligaron a parar los trabajos y reactiva la ejecuci\u00f3n de la obra en casi 1.000 m2 Tiene financiaci\u00f3n del Plan [&hellip;]<\/p>\n","protected":false},"author":1,"featured_media":15144,"comment_status":"open","ping_status":"open","sticky":false,"template":"","format":"standard","meta":{"inline_featured_image":false,"jnews-multi-image_gallery":[],"jnews_single_post":[],"jnews_primary_category":[],"jnews_social_meta":[],"jnews_override_counter":[],"jnews_post_split":[],"footnotes":""},"categories":[58],"tags":[82,181,182],"class_list":["post-15142","post","type-post","status-publish","format-standard","has-post-thumbnail","hentry","category-cabildo","tag-fuerteventura","tag-infraestructuras","tag-seguridad"],"jetpack_featured_media_url":"https:\/\/informacionlocal.es\/wp-content\/uploads\/2025\/12\/tesejerague.jpeg","_links":{"self":[{"href":"https:\/\/informacionlocal.es\/en\/wp-json\/wp\/v2\/posts\/15142","targetHints":{"allow":["GET"]}}],"collection":[{"href":"https:\/\/informacionlocal.es\/en\/wp-json\/wp\/v2\/posts"}],"about":[{"href":"https:\/\/informacionlocal.es\/en\/wp-json\/wp\/v2\/types\/post"}],"author":[{"embeddable":true,"href":"https:\/\/informacionlocal.es\/en\/wp-json\/wp\/v2\/users\/1"}],"replies":[{"embeddable":true,"href":"https:\/\/informacionlocal.es\/en\/wp-json\/wp\/v2\/comments?post=15142"}],"version-history":[{"count":0,"href":"https:\/\/informacionlocal.es\/en\/wp-json\/wp\/v2\/posts\/15142\/revisions"}],"wp:featuredmedia":[{"embeddable":true,"href":"https:\/\/informacionlocal.es\/en\/wp-json\/wp\/v2\/media\/15144"}],"wp:attachment":[{"href":"https:\/\/informacionlocal.es\/en\/wp-json\/wp\/v2\/media?parent=15142"}],"wp:term":[{"taxonomy":"category","embeddable":true,"href":"https:\/\/informacionlocal.es\/en\/wp-json\/wp\/v2\/categories?post=15142"},{"taxonomy":"post_tag","embeddable":true,"href":"https:\/\/informacionlocal.es\/en\/wp-json\/wp\/v2\/tags?post=15142"}],"curies":[{"name":"wp","href":"https:\/\/api.w.org\/{rel}","templated":true}]}}