{"id":15118,"date":"2025-12-06T15:58:34","date_gmt":"2025-12-06T15:58:34","guid":{"rendered":"https:\/\/informacionlocal.es\/puerto-del-rosario-estrena-su-primer-alumbrado-publico-fotovoltaico-en-la-ampliacion-de-la-calle-jacinto-benavente\/"},"modified":"2025-12-06T15:58:34","modified_gmt":"2025-12-06T15:58:34","slug":"puerto-del-rosario-estrena-su-primer-alumbrado-publico-fotovoltaico-en-la-ampliacion-de-la-calle-jacinto-benavente","status":"publish","type":"post","link":"https:\/\/informacionlocal.es\/en\/puerto-del-rosario-estrena-su-primer-alumbrado-publico-fotovoltaico-en-la-ampliacion-de-la-calle-jacinto-benavente\/","title":{"rendered":"Puerto del Rosario estrena su primer alumbrado p\u00fablico fotovoltaico en la ampliaci\u00f3n de la calle Jacinto Benavente"},"content":{"rendered":"<div class=\"entry-content\">\n<p>El Ayuntamiento instala 20 luminarias aut\u00f3nomas de energ\u00eda solar, mejorando la seguridad vial y ciudadana con una apuesta por la sostenibilidad energ\u00e9tica y dando respuesta a una demanda hist\u00f3rica.<\/p>\n<p>El Ayuntamiento de Puerto del Rosario, a trav\u00e9s de la Concejal\u00eda de Servicios Municipales, ha completado la instalaci\u00f3n del primer sistema de alumbrado p\u00fablico fotovoltaico de la ciudad. La actuaci\u00f3n, ejecutada por la empresa local Montajes El\u00e9ctricos Herbania, se ha llevado a cabo en el tramo comprendido entre la calle Jacinto Benavente y su intersecci\u00f3n con la calle Camelleros, dotando a esta zona de 20 nuevos puntos de luz ecol\u00f3gicos, aut\u00f3nomos y de alta eficiencia.<\/p>\n<p>Este proyecto, planificado y ejecutado tras un estudio lum\u00ednico espec\u00edfico de la zona, responde al compromiso municipal con la seguridad de peatones y veh\u00edculos, as\u00ed como con la modernizaci\u00f3n de las infraestructuras y la transici\u00f3n energ\u00e9tica. Adem\u00e1s, la instalaci\u00f3n ha sido dise\u00f1ada para ser respetuosa con la Reserva Starlight de Fuerteventura, minimizando la contaminaci\u00f3n lum\u00ednica y preservando la calidad del cielo nocturno de la isla. Cada una de las 20 farolas instaladas cuenta con las siguientes caracter\u00edsticas t\u00e9cnicas:<\/p>\n<p>\u00b7 Fuente de energ\u00eda: Aut\u00f3noma, mediante panel fotovoltaico monocristalino de alta eficiencia.<br \/>\n\u00b7 Altura: 4 metros.<br \/>\n\u00b7 Tipo: Luminaria vial LED de 3000K, con una potencia lum\u00ednica de 6000 l\u00famenes, con un dise\u00f1o que dirige la luz \u00fanicamente donde es necesaria.<br \/>\n\u00b7 Ventajas: Sistema sostenible, de bajo consumo y mantenimiento, que garantiza una iluminaci\u00f3n \u00f3ptima, segura y responsable con el medio ambiente.<\/p>\n<p>Para el <strong>alcalde, David de Vera<\/strong> \u00abcon esta instalaci\u00f3n, Puerto del Rosario da un paso firme hacia la innovaci\u00f3n y la sostenibilidad en sus servicios p\u00fablicos. El alumbrado fotovoltaico no solo mejora la seguridad en una zona que lo necesitaba, sino que refleja nuestro compromiso con el medio ambiente y la eficiencia en el uso de los recursos p\u00fablicos. Adem\u00e1s, el hecho de que sea respetuoso con la Reserva Starlight subraya nuestro esfuerzo por proteger el patrimonio natural de Fuerteventura. Es un primer hito importante en nuestra hoja de ruta para una ciudad m\u00e1s moderna, segura y verde.\u00bb<\/p>\n<p>El<strong> concejal de Servicios Municipales, David de Le\u00f3n,<\/strong> manifestaba que \u00abeste proyecto tiene un valor especial porque materializa una reivindicaci\u00f3n vecinal y educativa de casi dos d\u00e9cadas. Varios centros escolares de la zona llevaban a\u00f1os demandando una mejora en la iluminaci\u00f3n de este tramo por motivos de seguridad para sus comunidades. Hoy, desde la Concejal\u00eda, no solo damos respuesta a esa necesidad con una soluci\u00f3n t\u00e9cnica avanzada y sostenible, sino que cumplimos un compromiso pendiente con nuestros vecinos y, especialmente, con la comunidad educativa. La instalaci\u00f3n de estas 20 luminarias fotovoltaicas garantiza por fin una iluminaci\u00f3n adecuada y segura para el tr\u00e1nsito de personas y veh\u00edculos, mejorando las condiciones de vida en nuestro municipio.\u00bb<\/p>\n<p>Esta actuaci\u00f3n se enmarca en la estrategia municipal de mejora de las infraestructuras urbanas, apostando por tecnolog\u00edas limpias y renovables para los servicios p\u00fablicos esenciales, como es el alumbrado viario, y aline\u00e1ndose con los compromisos de protecci\u00f3n medioambiental como la Reserva Starlight.<\/p>\n<\/div>\n","protected":false},"excerpt":{"rendered":"<p>El Ayuntamiento instala 20 luminarias aut\u00f3nomas de energ\u00eda solar, mejorando la seguridad vial y ciudadana con una apuesta por la sostenibilidad energ\u00e9tica y dando respuesta a una demanda hist\u00f3rica. El [&hellip;]<\/p>\n","protected":false},"author":1,"featured_media":15120,"comment_status":"open","ping_status":"open","sticky":false,"template":"","format":"standard","meta":{"inline_featured_image":false,"jnews-multi-image_gallery":[],"jnews_single_post":[],"jnews_primary_category":[],"jnews_social_meta":[],"jnews_override_counter":[],"jnews_post_split":[],"footnotes":""},"categories":[61],"tags":[82,76,66],"class_list":["post-15118","post","type-post","status-publish","format-standard","has-post-thumbnail","hentry","category-puerto-del-rosario","tag-fuerteventura","tag-medio-ambiente","tag-servicios-publicos"],"jetpack_featured_media_url":"https:\/\/informacionlocal.es\/wp-content\/uploads\/2025\/12\/farolas-t-1-jb-alcalde-y-david.jpg","_links":{"self":[{"href":"https:\/\/informacionlocal.es\/en\/wp-json\/wp\/v2\/posts\/15118","targetHints":{"allow":["GET"]}}],"collection":[{"href":"https:\/\/informacionlocal.es\/en\/wp-json\/wp\/v2\/posts"}],"about":[{"href":"https:\/\/informacionlocal.es\/en\/wp-json\/wp\/v2\/types\/post"}],"author":[{"embeddable":true,"href":"https:\/\/informacionlocal.es\/en\/wp-json\/wp\/v2\/users\/1"}],"replies":[{"embeddable":true,"href":"https:\/\/informacionlocal.es\/en\/wp-json\/wp\/v2\/comments?post=15118"}],"version-history":[{"count":0,"href":"https:\/\/informacionlocal.es\/en\/wp-json\/wp\/v2\/posts\/15118\/revisions"}],"wp:featuredmedia":[{"embeddable":true,"href":"https:\/\/informacionlocal.es\/en\/wp-json\/wp\/v2\/media\/15120"}],"wp:attachment":[{"href":"https:\/\/informacionlocal.es\/en\/wp-json\/wp\/v2\/media?parent=15118"}],"wp:term":[{"taxonomy":"category","embeddable":true,"href":"https:\/\/informacionlocal.es\/en\/wp-json\/wp\/v2\/categories?post=15118"},{"taxonomy":"post_tag","embeddable":true,"href":"https:\/\/informacionlocal.es\/en\/wp-json\/wp\/v2\/tags?post=15118"}],"curies":[{"name":"wp","href":"https:\/\/api.w.org\/{rel}","templated":true}]}}