{"id":15112,"date":"2025-12-06T10:58:33","date_gmt":"2025-12-06T10:58:33","guid":{"rendered":"https:\/\/informacionlocal.es\/antigua-suena-cierra-su-primera-edicion-con-la-magnifica-actuacion-musical-ofrecida-por-tres-grandes-artistas-majoreros\/"},"modified":"2025-12-06T10:58:33","modified_gmt":"2025-12-06T10:58:33","slug":"antigua-suena-cierra-su-primera-edicion-con-la-magnifica-actuacion-musical-ofrecida-por-tres-grandes-artistas-majoreros","status":"publish","type":"post","link":"https:\/\/informacionlocal.es\/en\/antigua-suena-cierra-su-primera-edicion-con-la-magnifica-actuacion-musical-ofrecida-por-tres-grandes-artistas-majoreros\/","title":{"rendered":"Antigua Suena cierra su primera edici\u00f3n con la magn\u00edfica actuaci\u00f3n musical ofrecida por tres grandes artistas majoreros"},"content":{"rendered":"<div class=\"elementor-widget-container\">\n<p><strong>Antigua Suena cierra su primera edici\u00f3n con la magn\u00edfica actuaci\u00f3n musical ofrecida por tres grandes artistas majoreros<\/strong><\/p>\n<p><strong>\u2022 El alcalde, Mat\u00edas Pe\u00f1a, acompa\u00f1ado del concejal de Cultura, Jonathan Pe\u00f1a, afirmaba a Victor Est\u00e1rico y el p\u00fablico asistente, el ciclo musical Antigua Suena, llega para quedarse y ofrecer bajo tu direcci\u00f3n art\u00edstica, momentos musicales como los disfrutados durante cuatro tardes en este espacio del patio de la Biblioteca Municipal.<\/strong><\/p>\n<p>El ciclo musical Antigua Suena ha ofrecido para disfrute del p\u00fablico asistente, cuatro espect\u00e1culos de entrada gratuita, en el entorno m\u00e1s c\u00e1lido y cercano, con algunos de los artistas canarios m\u00e1s consagrados ofreciendo desde cantares populares canarias, fusiones r\u00edtmicas de sonidos latinos, jazz o melod\u00edas de boleros magistralmente interpretados con las voces, guitarras, violines o flautines de los m\u00fasicos part\u00edcipes.<\/p>\n<p>Este viernes, de nuevo el patio El Port\u00f3n de la Biblioteca Municipal de Antigua completaba su aforo, y escuchaban el anuncio del alcalde, Mat\u00edas Pe\u00f1a que junto con el concejal de Cultura, Jonathan Pe\u00f1a, afirma la continuidad de este Ciclo Musical Antigua Suena cada a\u00f1o, bajo la direcci\u00f3n art\u00edstica de V\u00edctor Est\u00e1rico, felicit\u00e1ndole por la calidad y los momentos ofrecidos en este rinc\u00f3n que es ya un espacio consolidado para impulsar eventos y actos culturales de lata calidad, cercan\u00eda, y siempre de entrada gratuita.<\/p>\n<p>Antigua Suena se desped\u00eda este viernes, detalla el concejal, Jonathan Pe\u00f1a, con la magn\u00edfica actuaci\u00f3n musical de Tom\u00e1s Perera, Ayla y Julia Rodr\u00edguez, ofreciendo melod\u00edas y canciones emocionantes que sin duda traslad\u00f3 a cada uno de los asistentes a recuerdos y momentos personales o sensaciones que son salud para la mente y el coraz\u00f3n.<\/p>\n<p>Y concluye el concejal, sin duda Antigua Suena llega para quedarse y seguiremos trabajando en ciclos y eventos culturales de calidad en espacios p\u00fablicos escogidos, y siempre de entrada gratuita para acercar la cultura a todas los vecinos y vecinas del Municipio.<\/p>\n<\/div>\n","protected":false},"excerpt":{"rendered":"<p><strong>Antigua Suena cierra su primera edici\u00f3n con la magn\u00edfica actuaci\u00f3n musical ofrecida por tres grandes artistas majoreros<\/strong><\/p>\n","protected":false},"author":1,"featured_media":15114,"comment_status":"open","ping_status":"open","sticky":false,"template":"","format":"standard","meta":{"inline_featured_image":false,"jnews-multi-image_gallery":[],"jnews_single_post":[],"jnews_primary_category":[],"jnews_social_meta":[],"jnews_override_counter":[],"jnews_post_split":[],"footnotes":""},"categories":[59],"tags":[69],"class_list":["post-15112","post","type-post","status-publish","format-standard","has-post-thumbnail","hentry","category-antigua","tag-eventos"],"jetpack_featured_media_url":"https:\/\/informacionlocal.es\/wp-content\/uploads\/2025\/12\/el-ciclo-musical-de-victor-estarico-antigua-suena-llega-para-quedarse-afirmo-el-alcalde-en-la-clausura-3-scaled-1.jpg","_links":{"self":[{"href":"https:\/\/informacionlocal.es\/en\/wp-json\/wp\/v2\/posts\/15112","targetHints":{"allow":["GET"]}}],"collection":[{"href":"https:\/\/informacionlocal.es\/en\/wp-json\/wp\/v2\/posts"}],"about":[{"href":"https:\/\/informacionlocal.es\/en\/wp-json\/wp\/v2\/types\/post"}],"author":[{"embeddable":true,"href":"https:\/\/informacionlocal.es\/en\/wp-json\/wp\/v2\/users\/1"}],"replies":[{"embeddable":true,"href":"https:\/\/informacionlocal.es\/en\/wp-json\/wp\/v2\/comments?post=15112"}],"version-history":[{"count":0,"href":"https:\/\/informacionlocal.es\/en\/wp-json\/wp\/v2\/posts\/15112\/revisions"}],"wp:featuredmedia":[{"embeddable":true,"href":"https:\/\/informacionlocal.es\/en\/wp-json\/wp\/v2\/media\/15114"}],"wp:attachment":[{"href":"https:\/\/informacionlocal.es\/en\/wp-json\/wp\/v2\/media?parent=15112"}],"wp:term":[{"taxonomy":"category","embeddable":true,"href":"https:\/\/informacionlocal.es\/en\/wp-json\/wp\/v2\/categories?post=15112"},{"taxonomy":"post_tag","embeddable":true,"href":"https:\/\/informacionlocal.es\/en\/wp-json\/wp\/v2\/tags?post=15112"}],"curies":[{"name":"wp","href":"https:\/\/api.w.org\/{rel}","templated":true}]}}