{"id":15100,"date":"2025-12-05T20:58:39","date_gmt":"2025-12-05T20:58:39","guid":{"rendered":"https:\/\/informacionlocal.es\/el-cabildo-lleva-la-sombrereria-tradicional-a-la-feria-de-artesania-de-canarias\/"},"modified":"2025-12-05T20:58:39","modified_gmt":"2025-12-05T20:58:39","slug":"el-cabildo-lleva-la-sombrereria-tradicional-a-la-feria-de-artesania-de-canarias","status":"publish","type":"post","link":"https:\/\/informacionlocal.es\/en\/el-cabildo-lleva-la-sombrereria-tradicional-a-la-feria-de-artesania-de-canarias\/","title":{"rendered":"El Cabildo lleva la sombrerer\u00eda tradicional a la Feria de Artesan\u00eda de Canarias"},"content":{"rendered":"<div class=\"entry-content\"><strong>5 diciembre, 2025<\/strong><\/p>\n<p><strong><em>El stand muestra obras del fondo etnogr\u00e1fico y sombreros<br \/>\nelaborados en los talleres de artesan\u00eda tradicional <\/em><\/strong><\/p>\n<p>El Cabildo de Fuerteventura participa en la 41\u00aa Feria de Artesan\u00eda<br \/>\nde Canarias, que se celebra del 4 al 8 de diciembre en el recinto ferial de<br \/>\nSanta Cruz de Tenerife, con un stand dedicado a la sombrerer\u00eda tradicional<br \/>\nmajorera, al tener la feria este a\u00f1o como tem\u00e1tica la vestimenta.<\/p>\n<p>La Consejer\u00eda de Artesan\u00eda expone una selecci\u00f3n de piezas procedentes<br \/>\nde su fondo etnogr\u00e1fico, as\u00ed como sombreros realizados por el alumnado del<br \/>\ncurso de sombrerer\u00eda tradicional, recientemente clausurado, cuyo trabajo<br \/>\nrefleja la recuperaci\u00f3n y puesta en valor de este oficio hist\u00f3rico de la isla.<br \/>\nUn<br \/>\ntaller que form\u00f3 parte del programa \u2018Fuerte por Naturaleza\u2019 de la Consejer\u00eda de<br \/>\nTurismo, gracias al acuerdo con la C\u00e1mara de Comercio, en coordinaci\u00f3n con el<br \/>\n\u00e1rea insular de Artesan\u00eda<\/p>\n<p>En la feria est\u00e1n presentes la consejera insular de Artesan\u00eda,<br \/>\nLolina Negr\u00edn, el artesano \u00c1ngel Nolasco, responsable que imparti\u00f3 el curso, y<br \/>\nla maestra artesana Juana Mar\u00eda Montelongo, quien colabor\u00f3 en la formaci\u00f3n. Les<br \/>\nacompa\u00f1an, adem\u00e1s, los alumnos de nivel avanzado del taller, Pedro Vera y Lali<br \/>\nRavelo, cuyas creaciones forman parte de la muestra. Adem\u00e1s, participan los artesanos<br \/>\nmajoreros Felipe Nicol\u00e1s Bobadilla, Nieves Rodr\u00edguez y Sandra Melissa Herrero.<\/p>\n<p>La consejera de Artesan\u00eda, Lolina Negr\u00edn, destac\u00f3 la importancia<br \/>\nde que \u201cla artesan\u00eda majorera tenga presencia en una feria regional de<br \/>\nrelevancia, mostrando no solo piezas tradicionales, sino tambi\u00e9n el resultado<br \/>\ndel aprendizaje y el esfuerzo de quienes mantienen vivas nuestras tradiciones\u201d.<br \/>\n\u201cLa sombrerer\u00eda tradicional es parte de nuestra identidad y cada pieza expuesta<br \/>\nrepresenta el talento y la dedicaci\u00f3n de nuestro sector artesano\u201d, a\u00f1adi\u00f3.<\/p>\n<p>Con esta participaci\u00f3n, la Corporaci\u00f3n insular reafirma su<br \/>\ncompromiso con la divulgaci\u00f3n del patrimonio artesanal majorero.<\/p>\n<\/div>\n","protected":false},"excerpt":{"rendered":"<p>5 diciembre, 2025 El stand muestra obras del fondo etnogr\u00e1fico y sombreros elaborados en los talleres de artesan\u00eda tradicional El Cabildo de Fuerteventura participa en la 41\u00aa Feria de Artesan\u00eda [&hellip;]<\/p>\n","protected":false},"author":1,"featured_media":15102,"comment_status":"open","ping_status":"open","sticky":false,"template":"","format":"standard","meta":{"inline_featured_image":false,"jnews-multi-image_gallery":[],"jnews_single_post":[],"jnews_primary_category":[],"jnews_social_meta":[],"jnews_override_counter":[],"jnews_post_split":[],"footnotes":""},"categories":[58],"tags":[82],"class_list":["post-15100","post","type-post","status-publish","format-standard","has-post-thumbnail","hentry","category-cabildo","tag-fuerteventura"],"jetpack_featured_media_url":"https:\/\/informacionlocal.es\/wp-content\/uploads\/2025\/12\/feria-artesanc3ada-2.jpeg","_links":{"self":[{"href":"https:\/\/informacionlocal.es\/en\/wp-json\/wp\/v2\/posts\/15100","targetHints":{"allow":["GET"]}}],"collection":[{"href":"https:\/\/informacionlocal.es\/en\/wp-json\/wp\/v2\/posts"}],"about":[{"href":"https:\/\/informacionlocal.es\/en\/wp-json\/wp\/v2\/types\/post"}],"author":[{"embeddable":true,"href":"https:\/\/informacionlocal.es\/en\/wp-json\/wp\/v2\/users\/1"}],"replies":[{"embeddable":true,"href":"https:\/\/informacionlocal.es\/en\/wp-json\/wp\/v2\/comments?post=15100"}],"version-history":[{"count":0,"href":"https:\/\/informacionlocal.es\/en\/wp-json\/wp\/v2\/posts\/15100\/revisions"}],"wp:featuredmedia":[{"embeddable":true,"href":"https:\/\/informacionlocal.es\/en\/wp-json\/wp\/v2\/media\/15102"}],"wp:attachment":[{"href":"https:\/\/informacionlocal.es\/en\/wp-json\/wp\/v2\/media?parent=15100"}],"wp:term":[{"taxonomy":"category","embeddable":true,"href":"https:\/\/informacionlocal.es\/en\/wp-json\/wp\/v2\/categories?post=15100"},{"taxonomy":"post_tag","embeddable":true,"href":"https:\/\/informacionlocal.es\/en\/wp-json\/wp\/v2\/tags?post=15100"}],"curies":[{"name":"wp","href":"https:\/\/api.w.org\/{rel}","templated":true}]}}