{"id":15088,"date":"2025-12-05T18:58:32","date_gmt":"2025-12-05T18:58:32","guid":{"rendered":"https:\/\/informacionlocal.es\/pajara-impulsa-la-inclusion-a-traves-del-deporte-en-el-iii-encuentro-inclusivo-de-pajara-2025\/"},"modified":"2025-12-05T18:58:32","modified_gmt":"2025-12-05T18:58:32","slug":"pajara-impulsa-la-inclusion-a-traves-del-deporte-en-el-iii-encuentro-inclusivo-de-pajara-2025","status":"publish","type":"post","link":"https:\/\/informacionlocal.es\/en\/pajara-impulsa-la-inclusion-a-traves-del-deporte-en-el-iii-encuentro-inclusivo-de-pajara-2025\/","title":{"rendered":"P\u00e1jara impulsa la inclusi\u00f3n a trav\u00e9s del deporte en el III Encuentro Inclusivo de P\u00e1jara 2025"},"content":{"rendered":"<div class=\"entry-content\">\n<p><b><i>El municipio consolida una cita referente en la promoci\u00f3n del deporte y la accesibilidad\u00a0<\/i><\/b><\/p>\n<p><span>El Ayuntamiento de P\u00e1jara celebr\u00f3 el III Encuentro Inclusivo de P\u00e1jara 2025 en el campo de f\u00fatbol de Morro Jable, reuniendo a deportistas, escolares y representantes institucionales en una jornada dedicada a la inclusi\u00f3n y el deporte.\u00a0<\/span><\/p>\n<p><span>El evento tuvo como actividad principal un partido de f\u00fatbol entre la Uni\u00f3n Deportiva Las Palmas I+I y el Equipo Inclusivo de Fuerteventura, en el que se destac\u00f3 la deportividad y el compa\u00f1erismo. La jornada cont\u00f3 adem\u00e1s con la asistencia de alumnos y alumnas de los diferentes CEIP del municipio.\u00a0<\/span><\/p>\n<p><span>La concejala de Accesibilidad, Eva S\u00e1nchez, subray\u00f3 la importancia de este tipo de iniciativas. \u201cLa coordinaci\u00f3n entre administraciones, centros educativos y entidades deportivas es fundamental para avanzar en pol\u00edticas de accesibilidad\u201d.\u00a0<\/span><\/p>\n<p><span>Por su parte, el concejal de Deportes y Educaci\u00f3n, Jos\u00e9 Benito Alonso, se\u00f1al\u00f3 que \u201cdesde el Ayuntamiento continuaremos promoviendo actividades que garanticen la participaci\u00f3n de todas las personas\u201d.\u00a0<\/span><\/p>\n<p><span>Asimismo, estuvo presente la concejala de Servicios Sociales, Kathaisa Rodr\u00edguez, y la consejera de Accesibilidad del Cabildo de Fuerteventura, Carmen Alonso, respaldando las iniciativas de cooperaci\u00f3n interadministrativa en materia de accesibilidad e inclusi\u00f3n.\u00a0<\/span><\/p>\n<p><span>Durante el acto, los representantes institucionales realizaron la entrega de medallas a los participantes y de placas de reconocimiento a los entrenadores de ambos equipos.\u00a0<\/span><\/p>\n<p><span>El Ayuntamiento de P\u00e1jara agradece la colaboraci\u00f3n de los equipos participantes, las asociaciones y los centros educativos, reafirmando su compromiso con el desarrollo de acciones que favorezcan la igualdad de oportunidades y la inclusi\u00f3n social en el municipio. <\/span><\/p>\n<\/div>\n","protected":false},"excerpt":{"rendered":"<p><i>El municipio consolida una cita referente en la promoci\u00f3n del deporte y la accesibilidad\u00a0<\/i><\/p>\n","protected":false},"author":1,"featured_media":15090,"comment_status":"open","ping_status":"open","sticky":false,"template":"","format":"standard","meta":{"inline_featured_image":false,"jnews-multi-image_gallery":[],"jnews_single_post":[],"jnews_primary_category":[],"jnews_social_meta":[],"jnews_override_counter":[],"jnews_post_split":[],"footnotes":""},"categories":[63],"tags":[73,82],"class_list":["post-15088","post","type-post","status-publish","format-standard","has-post-thumbnail","hentry","category-pajara","tag-educacion","tag-fuerteventura"],"jetpack_featured_media_url":"https:\/\/informacionlocal.es\/wp-content\/uploads\/2025\/12\/whatsapp-image-2025-12-04-at-15-31-51.jpeg","_links":{"self":[{"href":"https:\/\/informacionlocal.es\/en\/wp-json\/wp\/v2\/posts\/15088","targetHints":{"allow":["GET"]}}],"collection":[{"href":"https:\/\/informacionlocal.es\/en\/wp-json\/wp\/v2\/posts"}],"about":[{"href":"https:\/\/informacionlocal.es\/en\/wp-json\/wp\/v2\/types\/post"}],"author":[{"embeddable":true,"href":"https:\/\/informacionlocal.es\/en\/wp-json\/wp\/v2\/users\/1"}],"replies":[{"embeddable":true,"href":"https:\/\/informacionlocal.es\/en\/wp-json\/wp\/v2\/comments?post=15088"}],"version-history":[{"count":0,"href":"https:\/\/informacionlocal.es\/en\/wp-json\/wp\/v2\/posts\/15088\/revisions"}],"wp:featuredmedia":[{"embeddable":true,"href":"https:\/\/informacionlocal.es\/en\/wp-json\/wp\/v2\/media\/15090"}],"wp:attachment":[{"href":"https:\/\/informacionlocal.es\/en\/wp-json\/wp\/v2\/media?parent=15088"}],"wp:term":[{"taxonomy":"category","embeddable":true,"href":"https:\/\/informacionlocal.es\/en\/wp-json\/wp\/v2\/categories?post=15088"},{"taxonomy":"post_tag","embeddable":true,"href":"https:\/\/informacionlocal.es\/en\/wp-json\/wp\/v2\/tags?post=15088"}],"curies":[{"name":"wp","href":"https:\/\/api.w.org\/{rel}","templated":true}]}}