{"id":15076,"date":"2025-12-05T16:59:19","date_gmt":"2025-12-05T16:59:19","guid":{"rendered":"https:\/\/informacionlocal.es\/el-cabildo-firma-el-convenio-para-consolidar-el-singular-taro-de-teguerey-mientras-se-ultima-su-compra\/"},"modified":"2025-12-05T16:59:19","modified_gmt":"2025-12-05T16:59:19","slug":"el-cabildo-firma-el-convenio-para-consolidar-el-singular-taro-de-teguerey-mientras-se-ultima-su-compra","status":"publish","type":"post","link":"https:\/\/informacionlocal.es\/en\/el-cabildo-firma-el-convenio-para-consolidar-el-singular-taro-de-teguerey-mientras-se-ultima-su-compra\/","title":{"rendered":"\ufeffEl Cabildo firma el convenio para consolidar el singular Taro de Teguerey mientras se ultima su compra"},"content":{"rendered":"<div class=\"entry-content\"><strong>5 diciembre, 2025<\/strong><\/p>\n<p><em><strong>El edificio, incluido en el Inventario de Arquitectura Tradicional de Fuerteventura, es en la actualidad propiedad de la SAT Teguerey<\/strong><\/em><\/p>\n<p>El Cabildo de Fuerteventura, a trav\u00e9s de la Consejer\u00eda de Infraestructuras, Carreteras, Planificaci\u00f3n y Cooperaci\u00f3n Municipal, acaba de firmar un convenio de colaboraci\u00f3n con la Sociedad Agraria de Transformaci\u00f3n (SAT) Teguerey que permitir\u00e1 al Cabildo realizar obras de restauraci\u00f3n, conservaci\u00f3n y consolidaci\u00f3n estructural en el Taro de Teguerey, actualmente propiedad de la SAT. El objetivo \u00faltimo del Cabildo es adquirir el inmueble, que est\u00e1 incluido en el Inventario de Arquitectura Tradicional de Fuerteventura, proceso que queda a la espera de los propietarios.<\/p>\n<p>La presidenta del Cabildo de Fuerteventura pone en relieve la importancia de recuperar los elementos etnogr\u00e1ficos de la Isla, rehabilitando conjuntos hist\u00f3ricos de arquitectura rural que representan las costumbres e identidad majoreras. En este caso, con un inmueble construido a principios del siglo XVIII, seg\u00fan datan las fuentes orales, con elementos en piedra, barro y cal, as\u00ed como un pozo en su interior.<\/p>\n<p>El actual estado del inmueble \u201crequiere una intervenci\u00f3n urgente que no puede retrasarse m\u00e1s\u201d y de ah\u00ed este convenio de colaboraci\u00f3n, explica el consejero Blas Acosta. \u201cAsegurar la pervivencia del patrimonio arquitect\u00f3nico, en especial de un inmueble \u00fanico como el Taro de Teguerey, es afianzar parte de nuestra identidad majorera\u201d. Este inmueble situado en el municipio de Tuineje es el \u00fanico ejemplo de ese tipo de construcci\u00f3n que queda en la isla.<\/p>\n<p>El convenio de colaboraci\u00f3n con los propietarios tiene una vigencia de dos a\u00f1os prorrogables y otorga al Cabildo el t\u00edtulo habilitante para actuar provisionalmente sobre el inmueble, al amparo del inter\u00e9s p\u00fablico vinculado a su valor patrimonial, para su posterior adquisici\u00f3n sea mediante compraventa o expropiaci\u00f3n.<\/p>\n<p>El Taro de Teguerey es un inmueble situado en el municipio de Tuineje que est\u00e1 incluido en el Inventario del Plan Insular de Ordenaci\u00f3n de Fuerteventura como elemento de inter\u00e9s etnogr\u00e1fico y en el Inventario de Arquitectura Tradicional de Fuerteventura.<\/p>\n<p>Se trata de una dependencia de gran dimensi\u00f3n de planta ovalada, posiblemente de dos alturas cuya tipolog\u00eda es \u00fanica en la isla y se le atribuye distintas funciones, taro, tahona, pozo, molino de yeso, etc\u00e9tera, y con cubierta a dos aguas.<\/p>\n<p>Por la singularidad del edificio y por su estado de conservaci\u00f3n, que es malo, el Cabildo considera necesaria la intervenci\u00f3n para su consolidaci\u00f3n.<\/p>\n<\/div>\n","protected":false},"excerpt":{"rendered":"<p>5 diciembre, 2025 El edificio, incluido en el Inventario de Arquitectura Tradicional de Fuerteventura, es en la actualidad propiedad de la SAT Teguerey El Cabildo de Fuerteventura, a trav\u00e9s de [&hellip;]<\/p>\n","protected":false},"author":1,"featured_media":15078,"comment_status":"open","ping_status":"open","sticky":false,"template":"","format":"standard","meta":{"inline_featured_image":false,"jnews-multi-image_gallery":[],"jnews_single_post":[],"jnews_primary_category":[],"jnews_social_meta":[],"jnews_override_counter":[],"jnews_post_split":[],"footnotes":""},"categories":[58],"tags":[82],"class_list":["post-15076","post","type-post","status-publish","format-standard","has-post-thumbnail","hentry","category-cabildo","tag-fuerteventura"],"jetpack_featured_media_url":"https:\/\/informacionlocal.es\/wp-content\/uploads\/2025\/12\/eede.jpeg","_links":{"self":[{"href":"https:\/\/informacionlocal.es\/en\/wp-json\/wp\/v2\/posts\/15076","targetHints":{"allow":["GET"]}}],"collection":[{"href":"https:\/\/informacionlocal.es\/en\/wp-json\/wp\/v2\/posts"}],"about":[{"href":"https:\/\/informacionlocal.es\/en\/wp-json\/wp\/v2\/types\/post"}],"author":[{"embeddable":true,"href":"https:\/\/informacionlocal.es\/en\/wp-json\/wp\/v2\/users\/1"}],"replies":[{"embeddable":true,"href":"https:\/\/informacionlocal.es\/en\/wp-json\/wp\/v2\/comments?post=15076"}],"version-history":[{"count":0,"href":"https:\/\/informacionlocal.es\/en\/wp-json\/wp\/v2\/posts\/15076\/revisions"}],"wp:featuredmedia":[{"embeddable":true,"href":"https:\/\/informacionlocal.es\/en\/wp-json\/wp\/v2\/media\/15078"}],"wp:attachment":[{"href":"https:\/\/informacionlocal.es\/en\/wp-json\/wp\/v2\/media?parent=15076"}],"wp:term":[{"taxonomy":"category","embeddable":true,"href":"https:\/\/informacionlocal.es\/en\/wp-json\/wp\/v2\/categories?post=15076"},{"taxonomy":"post_tag","embeddable":true,"href":"https:\/\/informacionlocal.es\/en\/wp-json\/wp\/v2\/tags?post=15076"}],"curies":[{"name":"wp","href":"https:\/\/api.w.org\/{rel}","templated":true}]}}