{"id":15064,"date":"2025-12-05T14:58:50","date_gmt":"2025-12-05T14:58:50","guid":{"rendered":"https:\/\/informacionlocal.es\/fuerteventura-film-commission-imparte-con-exito-el-curso-avanzado-de-fotografia-la-mirada-y-el-fotografo\/"},"modified":"2025-12-05T14:58:50","modified_gmt":"2025-12-05T14:58:50","slug":"fuerteventura-film-commission-imparte-con-exito-el-curso-avanzado-de-fotografia-la-mirada-y-el-fotografo","status":"publish","type":"post","link":"https:\/\/informacionlocal.es\/en\/fuerteventura-film-commission-imparte-con-exito-el-curso-avanzado-de-fotografia-la-mirada-y-el-fotografo\/","title":{"rendered":"\ufeffFuerteventura Film Commission imparte con \u00e9xito el Curso Avanzado de Fotograf\u00eda \u2018La Mirada y el Fot\u00f3grafo\u2019"},"content":{"rendered":"<div class=\"entry-content\"><strong>5 diciembre, 2025<\/strong><\/p>\n<p><strong><em>Veinticinco personas reciben formaci\u00f3n impartida por el fotoperiodista y cineasta Jos\u00e9 Luis Valdivia<\/em><\/strong><\/p>\n<p>Fuerteventura Film Commission ha impartido el Curso Avanzado de Fotograf\u00eda \u2018La Mirada y el Fot\u00f3grafo\u2019, una formaci\u00f3n que ha reunido a una veintena de personas.<\/p>\n<p>El taller, impartido por el reconocido fotoperiodista, cineasta y docente internacional Jos\u00e9 Luis Valdivia, a trav\u00e9s de su productora IKAPIA filma, forma parte de la apuesta de la Film Commission por reforzar la capacitaci\u00f3n y profesionalizaci\u00f3n del sector audiovisual en la isla. Se trata del segundo curso dedicado espec\u00edficamente a la fotograf\u00eda dentro de su programaci\u00f3n anual de talleres.<\/p>\n<p>La consejera de Fuerteventura Film Commission, Nereida Calero, ha destacado que \u201cla respuesta a este curso confirma que la isla cuenta con un gran potencial creativo. Nuestro objetivo es seguir fortaleciendo herramientas que permitan a la ciudadan\u00eda adquirir competencias profesionales y abrir nuevas oportunidades en el sector audiovisual\u201d.<\/p>\n<p>Con una duraci\u00f3n total de 20 horas, el curso estuvo dirigido a personas con conocimientos iniciales en fotograf\u00eda e iluminaci\u00f3n, y profundiza en t\u00e9cnicas de revelado digital y fotograf\u00eda profesional de estudio con iluminaci\u00f3n avanzada. Las sesiones se desarrollaron en horario de tarde, de 16.00 a 20.00 horas.<\/p>\n<p>Fuerteventura Film Commission contin\u00faa as\u00ed consolidando una oferta formativa estable que impulse el desarrollo del talento local y fortalezca el tejido audiovisual de la Isla, respondiendo a la creciente demanda de especializaci\u00f3n en el sector.<\/p>\n<\/div>\n","protected":false},"excerpt":{"rendered":"<p>5 diciembre, 2025 Veinticinco personas reciben formaci\u00f3n impartida por el fotoperiodista y cineasta Jos\u00e9 Luis Valdivia Fuerteventura Film Commission ha impartido el Curso Avanzado de Fotograf\u00eda \u2018La Mirada y el [&hellip;]<\/p>\n","protected":false},"author":1,"featured_media":15066,"comment_status":"open","ping_status":"open","sticky":false,"template":"","format":"standard","meta":{"inline_featured_image":false,"jnews-multi-image_gallery":[],"jnews_single_post":[],"jnews_primary_category":[],"jnews_social_meta":[],"jnews_override_counter":[],"jnews_post_split":[],"footnotes":""},"categories":[58],"tags":[82],"class_list":["post-15064","post","type-post","status-publish","format-standard","has-post-thumbnail","hentry","category-cabildo","tag-fuerteventura"],"jetpack_featured_media_url":"https:\/\/informacionlocal.es\/wp-content\/uploads\/2025\/12\/rgrg.jpeg","_links":{"self":[{"href":"https:\/\/informacionlocal.es\/en\/wp-json\/wp\/v2\/posts\/15064","targetHints":{"allow":["GET"]}}],"collection":[{"href":"https:\/\/informacionlocal.es\/en\/wp-json\/wp\/v2\/posts"}],"about":[{"href":"https:\/\/informacionlocal.es\/en\/wp-json\/wp\/v2\/types\/post"}],"author":[{"embeddable":true,"href":"https:\/\/informacionlocal.es\/en\/wp-json\/wp\/v2\/users\/1"}],"replies":[{"embeddable":true,"href":"https:\/\/informacionlocal.es\/en\/wp-json\/wp\/v2\/comments?post=15064"}],"version-history":[{"count":0,"href":"https:\/\/informacionlocal.es\/en\/wp-json\/wp\/v2\/posts\/15064\/revisions"}],"wp:featuredmedia":[{"embeddable":true,"href":"https:\/\/informacionlocal.es\/en\/wp-json\/wp\/v2\/media\/15066"}],"wp:attachment":[{"href":"https:\/\/informacionlocal.es\/en\/wp-json\/wp\/v2\/media?parent=15064"}],"wp:term":[{"taxonomy":"category","embeddable":true,"href":"https:\/\/informacionlocal.es\/en\/wp-json\/wp\/v2\/categories?post=15064"},{"taxonomy":"post_tag","embeddable":true,"href":"https:\/\/informacionlocal.es\/en\/wp-json\/wp\/v2\/tags?post=15064"}],"curies":[{"name":"wp","href":"https:\/\/api.w.org\/{rel}","templated":true}]}}