{"id":15046,"date":"2025-12-05T10:58:45","date_gmt":"2025-12-05T10:58:45","guid":{"rendered":"https:\/\/informacionlocal.es\/urbanismo-ultima-el-proyecto-del-futuro-polideportivo-de-costa-calma\/"},"modified":"2025-12-05T10:58:45","modified_gmt":"2025-12-05T10:58:45","slug":"urbanismo-ultima-el-proyecto-del-futuro-polideportivo-de-costa-calma","status":"publish","type":"post","link":"https:\/\/informacionlocal.es\/en\/urbanismo-ultima-el-proyecto-del-futuro-polideportivo-de-costa-calma\/","title":{"rendered":"Urbanismo ultima el proyecto del futuro polideportivo de Costa Calma"},"content":{"rendered":"<div class=\"entry-content\">\n<p><b><i>La infraestructura incluir\u00e1 pabell\u00f3n abierto, pistas deportivas, gimnasio y espacios de encuentro<\/i><\/b><\/p>\n<p><span>La Concejal\u00eda de la Oficina T\u00e9cnica, Urbanismo y Planeamiento, dirigida por don Alexis Alonso, est\u00e1 ultimando detalles del proyecto del que ser\u00e1 el nuevo Polideportivo de Costa Calma, una infraestructura destinada a convertirse en un referente deportivo y sociales para la zona sur del municipio.\u00a0<\/span><\/p>\n<p><span>El primer teniente alcalde y concejal de Urbanismo, Alexis Alonso, subraya que \u201cLa concejal\u00eda contin\u00faa avanzando en este proyecto estrat\u00e9gico, destinado a reforzar la oferta deportiva municipal y a dotar a Costa Calma de un equipamiento moderno, accesible y adaptado a las necesidades actuales de la ciudadan\u00eda\u201d.\u00a0<\/span><\/p>\n<p><span>El concejal de Deportes, Jos\u00e9 Benito Alonso, se\u00f1ala que \u201cel complejo contar\u00e1 con cafeter\u00eda, pistas de p\u00e1del, cancha multiusos, gimnasio y salas de fitness, adem\u00e1s de un pabell\u00f3n abierto hacia la plaza, dise\u00f1ado con criterios de ventilaci\u00f3n cruzada e iluminaci\u00f3n natural para mejorar la eficiencia energ\u00e9tica y el confort de las personas usuarias\u201d.\u00a0<\/span><\/p>\n<p><span>Por su parte, el alcalde de P\u00e1jara, Alejandro Jorge, destaca la importancia del proyecto para la dinamizaci\u00f3n de la localidad y del municipio. \u201cNo solo ampliamos la infraestructura deportiva del municipio, sino que generamos un punto de encuentro deportivo para los residentes y visitantes. Adem\u00e1s, con este nuevo polideportivo estamos apoyando al deporte base de la zona\u201d.\u00a0<\/span><\/p>\n<p><span>Desde la Concejal\u00eda se ha subrayado la importancia de que el nuevo espacio disponga de un aforo de 500 personas sentadas, garantizando as\u00ed la adecuada celebraci\u00f3n de eventos deportivos y actividades comunitarias de mayor escala.<\/span><\/p>\n<\/div>\n","protected":false},"excerpt":{"rendered":"<p><i>La infraestructura incluir\u00e1 pabell\u00f3n abierto, pistas deportivas, gimnasio y espacios de encuentro<\/i><\/p>\n","protected":false},"author":1,"featured_media":15048,"comment_status":"open","ping_status":"open","sticky":false,"template":"","format":"standard","meta":{"inline_featured_image":false,"jnews-multi-image_gallery":[],"jnews_single_post":[],"jnews_primary_category":[],"jnews_social_meta":[],"jnews_override_counter":[],"jnews_post_split":[],"footnotes":""},"categories":[63],"tags":[310,69,338],"class_list":["post-15046","post","type-post","status-publish","format-standard","has-post-thumbnail","hentry","category-pajara","tag-deportes","tag-eventos","tag-infraestructura"],"jetpack_featured_media_url":"https:\/\/informacionlocal.es\/wp-content\/uploads\/2025\/12\/polideportivo-costa-calma-e1764929704356.jpeg","_links":{"self":[{"href":"https:\/\/informacionlocal.es\/en\/wp-json\/wp\/v2\/posts\/15046","targetHints":{"allow":["GET"]}}],"collection":[{"href":"https:\/\/informacionlocal.es\/en\/wp-json\/wp\/v2\/posts"}],"about":[{"href":"https:\/\/informacionlocal.es\/en\/wp-json\/wp\/v2\/types\/post"}],"author":[{"embeddable":true,"href":"https:\/\/informacionlocal.es\/en\/wp-json\/wp\/v2\/users\/1"}],"replies":[{"embeddable":true,"href":"https:\/\/informacionlocal.es\/en\/wp-json\/wp\/v2\/comments?post=15046"}],"version-history":[{"count":0,"href":"https:\/\/informacionlocal.es\/en\/wp-json\/wp\/v2\/posts\/15046\/revisions"}],"wp:featuredmedia":[{"embeddable":true,"href":"https:\/\/informacionlocal.es\/en\/wp-json\/wp\/v2\/media\/15048"}],"wp:attachment":[{"href":"https:\/\/informacionlocal.es\/en\/wp-json\/wp\/v2\/media?parent=15046"}],"wp:term":[{"taxonomy":"category","embeddable":true,"href":"https:\/\/informacionlocal.es\/en\/wp-json\/wp\/v2\/categories?post=15046"},{"taxonomy":"post_tag","embeddable":true,"href":"https:\/\/informacionlocal.es\/en\/wp-json\/wp\/v2\/tags?post=15046"}],"curies":[{"name":"wp","href":"https:\/\/api.w.org\/{rel}","templated":true}]}}