{"id":15036,"date":"2025-12-04T20:59:24","date_gmt":"2025-12-04T20:59:24","guid":{"rendered":"https:\/\/informacionlocal.es\/el-ayuntamiento-de-pajara-da-la-bienvenida-a-la-navidad-con-una-amplia-programacion\/"},"modified":"2025-12-04T20:59:24","modified_gmt":"2025-12-04T20:59:24","slug":"el-ayuntamiento-de-pajara-da-la-bienvenida-a-la-navidad-con-una-amplia-programacion","status":"publish","type":"post","link":"https:\/\/informacionlocal.es\/en\/el-ayuntamiento-de-pajara-da-la-bienvenida-a-la-navidad-con-una-amplia-programacion\/","title":{"rendered":"El Ayuntamiento de P\u00e1jara da la bienvenida a la Navidad con una amplia programaci\u00f3n"},"content":{"rendered":"<div class=\"entry-content\">\n<p><b><i>El viernes, 5 de diciembre, dar\u00e1 inicio las celebraciones\u00a0 navide\u00f1as con la inauguraci\u00f3n del tradicional \u00e1rbol de croch\u00e9 y la presentaci\u00f3n de un mural elaborado por el Centro de Mayores\u00a0<\/i><\/b><\/p>\n<p><span>La Concejal\u00eda de Cultura del Ayuntamiento de P\u00e1jara ha presentado este jueves, 4 de diciembre, la programaci\u00f3n navide\u00f1a del municipio, que dar\u00e1 comienzo este viernes, 5 de diciembre, con la inauguraci\u00f3n del \u00e1rbol de croch\u00e9 transitable m\u00e1s alto del mundo, consolid\u00e1ndose como uno de los s\u00edmbolos m\u00e1s representativo de la navidad en el sur de la isla.\u00a0<\/span><\/p>\n<p><span>La iniciativa \u2018P\u00e1jara es Navidad\u2019 ofrecer\u00e1 una amplia programaci\u00f3n dirigida a todos los p\u00fablicos, incluyendo espect\u00e1culos musicales, mercadillos navide\u00f1os, actividades infantiles, eventos deportivos, entre otros. Las actividades tendr\u00e1n lugar en La Lajita, Costa Calma, P\u00e1jara y Morro Jable.\u00a0<\/span><\/p>\n<p><span>El martes, 9 de diciembre, tendr\u00e1 lugar el encendido oficial del alumbrado navide\u00f1o en la plaza de Los Pescadores en Morro Jable.\u00a0<\/span><\/p>\n<p><span>El concejal de Cultura, Jos\u00e9 Manuel D\u00edaz, subray\u00f3 que \u201chemos preparado unas navidades pensadas para que las familias de nuestro municipio sientan la magia de estas fiestas tan especiales. El \u00e1rbol de croch\u00e9 y el encendido navide\u00f1o son solo el inicio de un calendario cargado de cultura y tradici\u00f3n\u201d. Adem\u00e1s, el concejal remarc\u00f3 que \u201cnuestro objetivo es que todos los pueblos del municipio vivan estas fechas de manera conjunta y participativa\u201d.\u00a0<\/span><\/p>\n<p><span>Por su parte, el alcalde de P\u00e1jara, Alejandro Jorge, se\u00f1al\u00f3 que \u201cestas fiestas representan un momento especial para nuestro municipio. Con esta programaci\u00f3n impulsamos la actividad social y econ\u00f3mica de todos nuestros pueblos. Invitamos a vecinos, vecinas y visitantes a disfrutar de cada una de las actividades programadas\u201d.\u00a0<\/span><\/p>\n<p><span>La programaci\u00f3n contar\u00e1 con diversas propuestas pensadas para todos los p\u00fablicos. Entre ellas destaca el espect\u00e1culo infantil \u2018Los Musipops: Rudolf, un sue\u00f1o por navidad\u2019, que se representar\u00e1 los d\u00edas 9, 10 y 11 de diciembre, adem\u00e1s de distintas actividades infantiles que estar\u00e1n repartidas por los pueblos del municipio.\u00a0<\/span><\/p>\n<p><span>El 12 de diciembre tendr\u00e1 lugar la tradicional carrera de navidad \u2018Cristian Moreno L\u00f3pez\u2019 por las calles de Morro Jable y, a partir del s\u00e1bado 13 de diciembre, comenzar\u00e1n los mercadillos navide\u00f1os, que se instalar\u00e1n en diferentes localidades y que ofrecer\u00e1n productos locales y ambientaci\u00f3n navide\u00f1a.\u00a0<\/span><\/p>\n<p><span>El programa continuar\u00e1 con el XVIII Concierto Tradicional de Navidad de la Banda Municipal de P\u00e1jara, que se celebrar\u00e1 el 19 de diciembre en la plaza de Los Pescadores en Morro Jable. El lunes 22, a partir de las 20:00 horas, se representar\u00e1 el Bel\u00e9n Viviente de P\u00e1jara, organizado y protagonizado por los vecinos y vecinal con la participaci\u00f3n de la parranda La Sebada.\u00a0<\/span><\/p>\n<p><span>El 23 de diciembre, el esp\u00edritu navide\u00f1o recorrer\u00e1 Morro Jable con el desfile de Pap\u00e1 Noel, que animar\u00e1 las calles del pueblo a partir de las 18:00 horas. La programaci\u00f3n culminar\u00e1 el 5 de enero con la Gran Cabalgata de los Reyes Magos, que iniciar\u00e1 su recorrido a las 10:00 horas por La Lajita, Card\u00f3n y Ajuy, y que continuar\u00e1 a partir de las 17:00 horas en P\u00e1jara, Costa Calma y Morro Jable.\u00a0<\/span><\/p>\n<p><span>Desde el Ayuntamiento de P\u00e1jara se invita a toda la ciudadan\u00eda y a quienes visitan el municipio en estas fechas a participar en cada una de las actividades programadas. La instituci\u00f3n municipal agradece la implicaci\u00f3n de asociaciones, trabajadores, vecinos y vecinas que hacen posible que se lleve a cabo esta celebraci\u00f3n.<\/span><\/p>\n<p><img fetchpriority=\"high\" decoding=\"async\" class=\"alignnone size-medium wp-image-21340\" src=\"https:\/\/informacionlocal.es\/wp-content\/uploads\/2025\/12\/whatsapp-image-2025-12-04-at-08-34-33-211x300-1.jpeg\" width=\"211\" height=\"300\" title=\"whatsapp-image-2025-12-04-at-08-34-33-211x300-1\"><\/p>\n<\/div>\n","protected":false},"excerpt":{"rendered":"<p><i>El viernes, 5 de diciembre, dar\u00e1 inicio las celebraciones\u00a0 navide\u00f1as con la inauguraci\u00f3n del tradicional \u00e1rbol de croch\u00e9 y la presentaci\u00f3n de un mural elaborado por el Centro de Mayores\u00a0<\/i><\/p>\n","protected":false},"author":1,"featured_media":15038,"comment_status":"open","ping_status":"open","sticky":false,"template":"","format":"standard","meta":{"inline_featured_image":false,"jnews-multi-image_gallery":[],"jnews_single_post":[],"jnews_primary_category":[],"jnews_social_meta":[],"jnews_override_counter":[],"jnews_post_split":[],"footnotes":""},"categories":[63],"tags":[69],"class_list":["post-15036","post","type-post","status-publish","format-standard","has-post-thumbnail","hentry","category-pajara","tag-eventos"],"jetpack_featured_media_url":"https:\/\/informacionlocal.es\/wp-content\/uploads\/2025\/12\/presentacion-programa-navideno-2.png","_links":{"self":[{"href":"https:\/\/informacionlocal.es\/en\/wp-json\/wp\/v2\/posts\/15036","targetHints":{"allow":["GET"]}}],"collection":[{"href":"https:\/\/informacionlocal.es\/en\/wp-json\/wp\/v2\/posts"}],"about":[{"href":"https:\/\/informacionlocal.es\/en\/wp-json\/wp\/v2\/types\/post"}],"author":[{"embeddable":true,"href":"https:\/\/informacionlocal.es\/en\/wp-json\/wp\/v2\/users\/1"}],"replies":[{"embeddable":true,"href":"https:\/\/informacionlocal.es\/en\/wp-json\/wp\/v2\/comments?post=15036"}],"version-history":[{"count":0,"href":"https:\/\/informacionlocal.es\/en\/wp-json\/wp\/v2\/posts\/15036\/revisions"}],"wp:featuredmedia":[{"embeddable":true,"href":"https:\/\/informacionlocal.es\/en\/wp-json\/wp\/v2\/media\/15038"}],"wp:attachment":[{"href":"https:\/\/informacionlocal.es\/en\/wp-json\/wp\/v2\/media?parent=15036"}],"wp:term":[{"taxonomy":"category","embeddable":true,"href":"https:\/\/informacionlocal.es\/en\/wp-json\/wp\/v2\/categories?post=15036"},{"taxonomy":"post_tag","embeddable":true,"href":"https:\/\/informacionlocal.es\/en\/wp-json\/wp\/v2\/tags?post=15036"}],"curies":[{"name":"wp","href":"https:\/\/api.w.org\/{rel}","templated":true}]}}