{"id":15024,"date":"2025-12-04T18:58:23","date_gmt":"2025-12-04T18:58:23","guid":{"rendered":"https:\/\/informacionlocal.es\/el-cabildo-avanza-en-la-elaboracion-del-ii-plan-insular-de-juventud-2026-2030\/"},"modified":"2025-12-04T18:58:23","modified_gmt":"2025-12-04T18:58:23","slug":"el-cabildo-avanza-en-la-elaboracion-del-ii-plan-insular-de-juventud-2026-2030","status":"publish","type":"post","link":"https:\/\/informacionlocal.es\/en\/el-cabildo-avanza-en-la-elaboracion-del-ii-plan-insular-de-juventud-2026-2030\/","title":{"rendered":"El Cabildo avanza en la elaboraci\u00f3n del II Plan Insular de Juventud 2026-2030"},"content":{"rendered":"<div class=\"entry-content\"><strong>4 diciembre, 2025<\/strong><\/p>\n<p><strong><em>Instituciones, asociaciones y j\u00f3venes participan en el segundo<br \/>\nencuentro insular para definir las prioridades de las futuras pol\u00edticas de<br \/>\njuventud<\/em><\/strong><\/p>\n<p>El Cabildo, a trav\u00e9s de la Consejer\u00eda de Juventud, ha celebrado el<br \/>\nsegundo encuentro de trabajo para la elaboraci\u00f3n del II Plan Insular de<br \/>\nJuventud 2026-2030, un proyecto estrat\u00e9gico orientado a fortalecer la participaci\u00f3n<br \/>\nactiva de la juventud en el dise\u00f1o de pol\u00edticas p\u00fablicas y asegurar que sus<br \/>\nnecesidades y expectativas queden reflejadas en la planificaci\u00f3n regional.<\/p>\n<p>El encuentro reuni\u00f3 a representantes del Cabildo, Ayuntamientos,<br \/>\nt\u00e9cnicos y t\u00e9cnicas de Juventud, asociaciones y j\u00f3venes, quienes aportaron sus<br \/>\nperspectivas y propuestas para definir los ejes prioritarios del pr\u00f3ximo plan<br \/>\ninsular. <\/p>\n<p>Durante la jornada se profundiz\u00f3 en la evaluaci\u00f3n del I Plan<br \/>\nInsular de Juventud 2020-2025, analizando los logros alcanzados, los retos<br \/>\nidentificados y las oportunidades de mejora que servir\u00e1n de base para la<br \/>\nconstrucci\u00f3n del nuevo marco estrat\u00e9gico.<\/p>\n<p>El consejero de Juventud, Adargoma Hern\u00e1ndez, agradece la participaci\u00f3n<br \/>\nactiva de todas las personas asistentes y destaca que \u201ces fundamental seguir<br \/>\ngenerando espacios de trabajo conjunto que permitan construir pol\u00edticas<br \/>\njuveniles m\u00e1s inclusivas, innovadoras y adaptadas a la realidad actual de<br \/>\nFuerteventura\u201d.<\/p>\n<p>El Cabildo continuar\u00e1 desarrollando nuevas fases de participaci\u00f3n<br \/>\ny trabajo t\u00e9cnico con el fin de culminar el II Plan Insular de Juventud<br \/>\n2026-2030, consolidando as\u00ed un modelo que apuesta por el bienestar, la<br \/>\nimplicaci\u00f3n y el protagonismo de la juventud en el futuro de la isla.<\/p>\n<\/div>\n","protected":false},"excerpt":{"rendered":"<p>4 diciembre, 2025 Instituciones, asociaciones y j\u00f3venes participan en el segundo encuentro insular para definir las prioridades de las futuras pol\u00edticas de juventud El Cabildo, a trav\u00e9s de la Consejer\u00eda [&hellip;]<\/p>\n","protected":false},"author":1,"featured_media":15026,"comment_status":"open","ping_status":"open","sticky":false,"template":"","format":"standard","meta":{"inline_featured_image":false,"jnews-multi-image_gallery":[],"jnews_single_post":[],"jnews_primary_category":[],"jnews_social_meta":[],"jnews_override_counter":[],"jnews_post_split":[],"footnotes":""},"categories":[58],"tags":[82],"class_list":["post-15024","post","type-post","status-publish","format-standard","has-post-thumbnail","hentry","category-cabildo","tag-fuerteventura"],"jetpack_featured_media_url":"https:\/\/informacionlocal.es\/wp-content\/uploads\/2025\/12\/ii-plan-insular-de-juventud-2026-2030-4.jpeg","_links":{"self":[{"href":"https:\/\/informacionlocal.es\/en\/wp-json\/wp\/v2\/posts\/15024","targetHints":{"allow":["GET"]}}],"collection":[{"href":"https:\/\/informacionlocal.es\/en\/wp-json\/wp\/v2\/posts"}],"about":[{"href":"https:\/\/informacionlocal.es\/en\/wp-json\/wp\/v2\/types\/post"}],"author":[{"embeddable":true,"href":"https:\/\/informacionlocal.es\/en\/wp-json\/wp\/v2\/users\/1"}],"replies":[{"embeddable":true,"href":"https:\/\/informacionlocal.es\/en\/wp-json\/wp\/v2\/comments?post=15024"}],"version-history":[{"count":0,"href":"https:\/\/informacionlocal.es\/en\/wp-json\/wp\/v2\/posts\/15024\/revisions"}],"wp:featuredmedia":[{"embeddable":true,"href":"https:\/\/informacionlocal.es\/en\/wp-json\/wp\/v2\/media\/15026"}],"wp:attachment":[{"href":"https:\/\/informacionlocal.es\/en\/wp-json\/wp\/v2\/media?parent=15024"}],"wp:term":[{"taxonomy":"category","embeddable":true,"href":"https:\/\/informacionlocal.es\/en\/wp-json\/wp\/v2\/categories?post=15024"},{"taxonomy":"post_tag","embeddable":true,"href":"https:\/\/informacionlocal.es\/en\/wp-json\/wp\/v2\/tags?post=15024"}],"curies":[{"name":"wp","href":"https:\/\/api.w.org\/{rel}","templated":true}]}}