{"id":14988,"date":"2025-12-04T07:58:21","date_gmt":"2025-12-04T07:58:21","guid":{"rendered":"https:\/\/informacionlocal.es\/el-ayuntamiento-de-puerto-del-rosario-consolida-con-la-comunidad-autonoma-la-cesion-del-suelo-para-el-futuro-centro-de-salud-de-el-matorral\/"},"modified":"2025-12-04T07:58:21","modified_gmt":"2025-12-04T07:58:21","slug":"el-ayuntamiento-de-puerto-del-rosario-consolida-con-la-comunidad-autonoma-la-cesion-del-suelo-para-el-futuro-centro-de-salud-de-el-matorral","status":"publish","type":"post","link":"https:\/\/informacionlocal.es\/en\/el-ayuntamiento-de-puerto-del-rosario-consolida-con-la-comunidad-autonoma-la-cesion-del-suelo-para-el-futuro-centro-de-salud-de-el-matorral\/","title":{"rendered":"El Ayuntamiento de Puerto del Rosario consolida con la Comunidad Aut\u00f3noma la cesi\u00f3n del suelo para el futuro Centro de Salud de El Matorral"},"content":{"rendered":"<div class=\"entry-content\">\n<p>E<strong>l <\/strong>Ayuntamiento de Puerto del Rosario consolida la cesi\u00f3n gratuita de la parcela municipal destinada a la construcci\u00f3n del futuro <strong>Centro de Salud de El Matorral<\/strong>, tras la aceptaci\u00f3n formal por parte de la Comunidad Aut\u00f3noma de Canarias. La operaci\u00f3n culmina el acuerdo plenario aprobado el pasado <strong>29 de septiembre de 2025<\/strong> y permite progresar en la implantaci\u00f3n de una infraestructura sanitaria prioritaria para el municipio.<\/p>\n<p>La parcela cedida, de titularidad municipal, cuenta con <strong>1.983 m\u00b2<\/strong> y se encuentra en la <strong>Manzana M-17 del Plan Parcial El Matorral Industrial<\/strong>, con acceso desde la calle Noria. El suelo se entrega libre de cargas y con destino exclusivo a su adscripci\u00f3n al Servicio Canario de la Salud (SCS) para la ejecuci\u00f3n del nuevo centro sanitario.<\/p>\n<p><strong>Un equipamiento esencial para una zona en crecimiento<\/strong><\/p>\n<p>El futuro Centro de Salud reforzar\u00e1 la atenci\u00f3n primaria en El Matorral y su entorno, acercando servicios b\u00e1sicos a una poblaci\u00f3n que ha crecido de forma notable en los \u00faltimos a\u00f1os. La cesi\u00f3n establece que el SCS deber\u00e1 destinar el suelo a este uso en un <strong>plazo m\u00e1ximo de cinco a\u00f1os<\/strong> desde la notificaci\u00f3n del acuerdo, manteniendo su finalidad sanitaria durante al menos <strong>30 a\u00f1os<\/strong>, lo que garantiza la estabilidad del servicio como dotaci\u00f3n p\u00fablica.<\/p>\n<p>El alcalde de Puerto del Rosario, <strong>David de Vera<\/strong>, valor\u00f3 la consolidaci\u00f3n del expediente como una garant\u00eda para el progreso del proyecto: <em>\u201cconsolidar esta cesi\u00f3n significa convertir en irreversible un compromiso adquirido en septiembre con los vecinos y vecinas de El Matorral. Desde el Ayuntamiento ponemos el suelo necesario para que el nuevo Centro de Salud sea una realidad cuanto antes, porque mejorar la sanidad de proximidad es mejorar la vida diaria de nuestra gente.\u201d<\/em><\/p>\n<p>Por su parte, la concejala de Urbanismo, <strong>Ana Hern\u00e1ndez<\/strong>, subray\u00f3 el trabajo t\u00e9cnico y la coordinaci\u00f3n interadministrativa lograda:<em>\u201cHemos impulsado este expediente con rigor y prioridad para ofrecer al Servicio Canario de la Salud una parcela adecuada, bien ubicada y jur\u00eddicamente lista. La aceptaci\u00f3n de la Comunidad Aut\u00f3noma consolida la cesi\u00f3n y permite avanzar hacia la fase de proyecto y construcci\u00f3n.\u201d<\/em><\/p>\n<p><strong>Cooperaci\u00f3n entre administraciones para mejorar los servicios p\u00fablicos<\/strong><\/p>\n<p>La formalizaci\u00f3n y aceptaci\u00f3n de la cesi\u00f3n refuerzan la cooperaci\u00f3n entre el Ayuntamiento y el Gobierno de Canarias para seguir mejorando los servicios p\u00fablicos en Puerto del Rosario. Con este paso, el Consistorio reafirma su voluntad de facilitar suelo y tramitaci\u00f3n para infraestructuras estrat\u00e9gicas, especialmente aquellas vinculadas al bienestar social y sanitario.<\/p>\n<p>El Ayuntamiento continuar\u00e1 trabajando de manera coordinada con la Comunidad Aut\u00f3noma para que la redacci\u00f3n del proyecto y el inicio de las obras puedan desarrollarse en los plazos previstos, dando respuesta a una demanda hist\u00f3rica de la poblaci\u00f3n de El Matorral.<\/p>\n<\/div>\n","protected":false},"excerpt":{"rendered":"<p>El Ayuntamiento de Puerto del Rosario consolida la cesi\u00f3n gratuita de la parcela municipal destinada a la construcci\u00f3n del futuro Centro de Salud de El Matorral, tras la aceptaci\u00f3n formal [&hellip;]<\/p>\n","protected":false},"author":1,"featured_media":14990,"comment_status":"open","ping_status":"open","sticky":false,"template":"","format":"standard","meta":{"inline_featured_image":false,"jnews-multi-image_gallery":[],"jnews_single_post":[],"jnews_primary_category":[],"jnews_social_meta":[],"jnews_override_counter":[],"jnews_post_split":[],"footnotes":""},"categories":[61],"tags":[74,66],"class_list":["post-14988","post","type-post","status-publish","format-standard","has-post-thumbnail","hentry","category-puerto-del-rosario","tag-sanidad","tag-servicios-publicos"],"jetpack_featured_media_url":"https:\/\/informacionlocal.es\/wp-content\/uploads\/2025\/12\/alcalde-t-2-y-ana-urbanismo-cs-matorral.jpg","_links":{"self":[{"href":"https:\/\/informacionlocal.es\/en\/wp-json\/wp\/v2\/posts\/14988","targetHints":{"allow":["GET"]}}],"collection":[{"href":"https:\/\/informacionlocal.es\/en\/wp-json\/wp\/v2\/posts"}],"about":[{"href":"https:\/\/informacionlocal.es\/en\/wp-json\/wp\/v2\/types\/post"}],"author":[{"embeddable":true,"href":"https:\/\/informacionlocal.es\/en\/wp-json\/wp\/v2\/users\/1"}],"replies":[{"embeddable":true,"href":"https:\/\/informacionlocal.es\/en\/wp-json\/wp\/v2\/comments?post=14988"}],"version-history":[{"count":0,"href":"https:\/\/informacionlocal.es\/en\/wp-json\/wp\/v2\/posts\/14988\/revisions"}],"wp:featuredmedia":[{"embeddable":true,"href":"https:\/\/informacionlocal.es\/en\/wp-json\/wp\/v2\/media\/14990"}],"wp:attachment":[{"href":"https:\/\/informacionlocal.es\/en\/wp-json\/wp\/v2\/media?parent=14988"}],"wp:term":[{"taxonomy":"category","embeddable":true,"href":"https:\/\/informacionlocal.es\/en\/wp-json\/wp\/v2\/categories?post=14988"},{"taxonomy":"post_tag","embeddable":true,"href":"https:\/\/informacionlocal.es\/en\/wp-json\/wp\/v2\/tags?post=14988"}],"curies":[{"name":"wp","href":"https:\/\/api.w.org\/{rel}","templated":true}]}}