{"id":14982,"date":"2025-12-03T23:58:34","date_gmt":"2025-12-03T23:58:34","guid":{"rendered":"https:\/\/informacionlocal.es\/pajara-avanza-en-accesibilidad-turistica-coincidiendo-con-el-dia-mundial-de-la-discapacidad\/"},"modified":"2025-12-03T23:58:34","modified_gmt":"2025-12-03T23:58:34","slug":"pajara-avanza-en-accesibilidad-turistica-coincidiendo-con-el-dia-mundial-de-la-discapacidad","status":"publish","type":"post","link":"https:\/\/informacionlocal.es\/en\/pajara-avanza-en-accesibilidad-turistica-coincidiendo-con-el-dia-mundial-de-la-discapacidad\/","title":{"rendered":"P\u00e1jara avanza en accesibilidad tur\u00edstica coincidiendo con el D\u00eda Mundial de la Discapacidad"},"content":{"rendered":"<div class=\"entry-content\">\n<p><b><i>El municipio impulsa su Plan de Accesibilidad Tur\u00edstica, desarrollado junto a Gesplan y financiado con fondos NextGeneration EU, para ofrecer un destino m\u00e1s inclusivo y adaptado a todas las personas\u00a0<\/i><\/b><\/p>\n<p><span>El Ayuntamiento de P\u00e1jara pone en marcha la elaboraci\u00f3n del Plan de Accesibilidad Tur\u00edstica del Municipio, una iniciativa desarrollada en colaboraci\u00f3n con Gesplan y financiada por los Fondos NextGeneration EU, cuyo prop\u00f3sito es crear entornos, productos y servicios tur\u00edsticos plenamente accesibles tanto para residentes como para quienes visitan el municipio.<\/span><\/p>\n<p><span>El primer teniente de alcalde y concejal de Urbanismo, Alexis Alonso, destaca la relevancia de esta iniciativa para el futuro del municipio, subrayando que \u201cla accesibilidad no es solo una obligaci\u00f3n normativa, sino una muestra de respeto y compromiso hacia todas las personas\u201d. Adem\u00e1s, afirma que este plan \u201cfortalece la apuesta de P\u00e1jara por un turismo de calidad, m\u00e1s humano, responsable y adaptado a las necesidades reales de la ciudadan\u00eda y de quienes nos visitan\u201d.<\/span><\/p>\n<p><span>Por su parte, el alcalde de P\u00e1jara, Alejandro Jorge, resalta la \u201ccolaboraci\u00f3n entre las diferentes entidades para propiciar entornos m\u00e1s accesibles para el turista que nos visita y, por supuesto, priorizando tambi\u00e9n, como venimos haciendo, la accesibilidad para los vecinos y vecinas que residen en el propio municipio\u201d. Jorge asegura que desde el Consistorio se seguir\u00e1 \u201caprovechando los recursos econ\u00f3micos y profesionales para el bienestar de nuestra poblaci\u00f3n\u201d.<\/span><\/p>\n<p><span>La acci\u00f3n coincide con la conmemoraci\u00f3n del D\u00eda Mundial de la Discapacidad 2025, que este a\u00f1o se celebra bajo el lema \u2018Fomentar sociedades inclusivas con discapacidad para avanzar en el progreso social\u2019. En este marco, el municipio reafirma su determinaci\u00f3n de avanzar hacia un modelo tur\u00edstico m\u00e1s igualitario, seguro y accesible.<\/span><\/p>\n<p><span>Con estas acciones, P\u00e1jara contin\u00faa avanzando en su estrategia integral de accesibilidad, reforzando el compromiso municipal con el bienestar, la inclusi\u00f3n y la calidad del destino tur\u00edstico, y situ\u00e1ndose como referente insular en la construcci\u00f3n de un territorio m\u00e1s accesible y competitivo.<\/span><\/p>\n<\/div>\n","protected":false},"excerpt":{"rendered":"<p><i>El municipio impulsa su Plan de Accesibilidad Tur\u00edstica, desarrollado junto a Gesplan y financiado con fondos NextGeneration EU, para ofrecer un destino m\u00e1s inclusivo y adaptado a todas las personas\u00a0<\/i><\/p>\n","protected":false},"author":1,"featured_media":14984,"comment_status":"open","ping_status":"open","sticky":false,"template":"","format":"standard","meta":{"inline_featured_image":false,"jnews-multi-image_gallery":[],"jnews_single_post":[],"jnews_primary_category":[],"jnews_social_meta":[],"jnews_override_counter":[],"jnews_post_split":[],"footnotes":""},"categories":[63],"tags":[184],"class_list":["post-14982","post","type-post","status-publish","format-standard","has-post-thumbnail","hentry","category-pajara","tag-turismo"],"jetpack_featured_media_url":"https:\/\/informacionlocal.es\/wp-content\/uploads\/2025\/12\/imagen-de-whatsapp-2025-12-03-a-las-14-01-19_1ed6f555.jpg","_links":{"self":[{"href":"https:\/\/informacionlocal.es\/en\/wp-json\/wp\/v2\/posts\/14982","targetHints":{"allow":["GET"]}}],"collection":[{"href":"https:\/\/informacionlocal.es\/en\/wp-json\/wp\/v2\/posts"}],"about":[{"href":"https:\/\/informacionlocal.es\/en\/wp-json\/wp\/v2\/types\/post"}],"author":[{"embeddable":true,"href":"https:\/\/informacionlocal.es\/en\/wp-json\/wp\/v2\/users\/1"}],"replies":[{"embeddable":true,"href":"https:\/\/informacionlocal.es\/en\/wp-json\/wp\/v2\/comments?post=14982"}],"version-history":[{"count":0,"href":"https:\/\/informacionlocal.es\/en\/wp-json\/wp\/v2\/posts\/14982\/revisions"}],"wp:featuredmedia":[{"embeddable":true,"href":"https:\/\/informacionlocal.es\/en\/wp-json\/wp\/v2\/media\/14984"}],"wp:attachment":[{"href":"https:\/\/informacionlocal.es\/en\/wp-json\/wp\/v2\/media?parent=14982"}],"wp:term":[{"taxonomy":"category","embeddable":true,"href":"https:\/\/informacionlocal.es\/en\/wp-json\/wp\/v2\/categories?post=14982"},{"taxonomy":"post_tag","embeddable":true,"href":"https:\/\/informacionlocal.es\/en\/wp-json\/wp\/v2\/tags?post=14982"}],"curies":[{"name":"wp","href":"https:\/\/api.w.org\/{rel}","templated":true}]}}