{"id":14928,"date":"2025-12-03T12:59:13","date_gmt":"2025-12-03T12:59:13","guid":{"rendered":"https:\/\/informacionlocal.es\/antigua-suena-cierra-su-ciclo-musical-este-viernes-noche-en-el-patio-majorero-el-porton\/"},"modified":"2025-12-03T12:59:13","modified_gmt":"2025-12-03T12:59:13","slug":"antigua-suena-cierra-su-ciclo-musical-este-viernes-noche-en-el-patio-majorero-el-porton","status":"publish","type":"post","link":"https:\/\/informacionlocal.es\/en\/antigua-suena-cierra-su-ciclo-musical-este-viernes-noche-en-el-patio-majorero-el-porton\/","title":{"rendered":"Antigua Suena cierra su ciclo musical este viernes noche en el patio majorero El Port\u00f3n"},"content":{"rendered":"<div class=\"elementor-widget-container\">\n<p><strong>Antigua Suena cierra su ciclo musical este viernes noche en el patio majorero El Port\u00f3n<\/strong><\/p>\n<p><strong>\u2022 Este viernes 5 de diciembre a las 20:00 horas en la Biblioteca Municipal de Antigua, actuaci\u00f3n musical de Tom\u00e1s Perera, Ayla y Julia Rodr\u00edguez.<\/strong><\/p>\n<p>El ciclo musical Antigua Suena, organizado por el Ayuntamiento de Antigua desde la concejal\u00eda de Cultura, finaliza este viernes 5 de diciembre a las 20:00 horas en el patio majorero El Port\u00f3n en la Biblioteca Municipal.<\/p>\n<p>El Ayuntamiento de Antigua impulsa el uso y disfrute de espacios p\u00fablicos y culturales como el que ofrece la Biblioteca Municipal de Antigua, fomentando la visita a un lugar principal en nuestro municipio que invita al estudio, a la lectura, a la creatividad y a representaciones art\u00edsticas como la ofrecida con este ciclo m\u00fasica, Antigua Suena, afirma el alcalde, Mat\u00edas Pe\u00f1a.<\/p>\n<p>Cuatro sesiones musicales de calidad art\u00edstica, fusi\u00f3n r\u00edtmica y sabor canario con combinaci\u00f3n de ritmos latinos o jazz, entre otros estilos, afirma el concejal de Cultura Jonathan Pe\u00f1a, que destaca la direcci\u00f3n de Antigua Suena por el conocido m\u00fasico, V\u00edctor Est\u00e1rico.<\/p>\n<p>Antigua Suena es de entrada libre y gratuita, ofreciendo este viernes por la tarde noche, el espect\u00e1culo musical de artistas majoreros como Tom\u00e1s Perera, Ayla y Julia Rodr\u00edguez, sin duda, un espect\u00e1culo cercano y recogido, perfecto para escuchar voces y guitarras en la mejor compa\u00f1\u00eda, concluye el concejal.<\/p>\n<\/div>\n","protected":false},"excerpt":{"rendered":"<p><strong>Antigua Suena cierra su ciclo musical este viernes noche en el patio majorero El Port\u00f3n<\/strong><\/p>\n","protected":false},"author":1,"featured_media":14930,"comment_status":"open","ping_status":"open","sticky":false,"template":"","format":"standard","meta":{"inline_featured_image":false,"jnews-multi-image_gallery":[],"jnews_single_post":[],"jnews_primary_category":[],"jnews_social_meta":[],"jnews_override_counter":[],"jnews_post_split":[],"footnotes":""},"categories":[59],"tags":[],"class_list":["post-14928","post","type-post","status-publish","format-standard","has-post-thumbnail","hentry","category-antigua"],"jetpack_featured_media_url":"https:\/\/informacionlocal.es\/wp-content\/uploads\/2025\/12\/antigua-suena-5-diciembre.jpeg","_links":{"self":[{"href":"https:\/\/informacionlocal.es\/en\/wp-json\/wp\/v2\/posts\/14928","targetHints":{"allow":["GET"]}}],"collection":[{"href":"https:\/\/informacionlocal.es\/en\/wp-json\/wp\/v2\/posts"}],"about":[{"href":"https:\/\/informacionlocal.es\/en\/wp-json\/wp\/v2\/types\/post"}],"author":[{"embeddable":true,"href":"https:\/\/informacionlocal.es\/en\/wp-json\/wp\/v2\/users\/1"}],"replies":[{"embeddable":true,"href":"https:\/\/informacionlocal.es\/en\/wp-json\/wp\/v2\/comments?post=14928"}],"version-history":[{"count":0,"href":"https:\/\/informacionlocal.es\/en\/wp-json\/wp\/v2\/posts\/14928\/revisions"}],"wp:featuredmedia":[{"embeddable":true,"href":"https:\/\/informacionlocal.es\/en\/wp-json\/wp\/v2\/media\/14930"}],"wp:attachment":[{"href":"https:\/\/informacionlocal.es\/en\/wp-json\/wp\/v2\/media?parent=14928"}],"wp:term":[{"taxonomy":"category","embeddable":true,"href":"https:\/\/informacionlocal.es\/en\/wp-json\/wp\/v2\/categories?post=14928"},{"taxonomy":"post_tag","embeddable":true,"href":"https:\/\/informacionlocal.es\/en\/wp-json\/wp\/v2\/tags?post=14928"}],"curies":[{"name":"wp","href":"https:\/\/api.w.org\/{rel}","templated":true}]}}