{"id":14916,"date":"2025-12-03T03:58:39","date_gmt":"2025-12-03T03:58:39","guid":{"rendered":"https:\/\/informacionlocal.es\/barrios-y-pueblos-del-municipio-lucen-con-diferentes-adornos-e-iluminacion-navidenos\/"},"modified":"2025-12-03T03:58:39","modified_gmt":"2025-12-03T03:58:39","slug":"barrios-y-pueblos-del-municipio-lucen-con-diferentes-adornos-e-iluminacion-navidenos","status":"publish","type":"post","link":"https:\/\/informacionlocal.es\/en\/barrios-y-pueblos-del-municipio-lucen-con-diferentes-adornos-e-iluminacion-navidenos\/","title":{"rendered":"Barrios y pueblos del municipio lucen con diferentes adornos e iluminaci\u00f3n navide\u00f1os"},"content":{"rendered":"<div class=\"entry-content\">\n<p>Los barrios y pueblos del municipio lucen con diferentes adornos e iluminaci\u00f3n navide\u00f1os, donde no ha faltado la m\u00fasica tradicional acompa\u00f1ando a vecinos\/as de diferentes edades.<\/p>\n<\/div>\n","protected":false},"excerpt":{"rendered":"<p>Los barrios y pueblos del municipio lucen con diferentes adornos e iluminaci\u00f3n navide\u00f1os, donde no ha faltado la m\u00fasica tradicional acompa\u00f1ando a vecinos\/as de diferentes edades.<\/p>\n","protected":false},"author":1,"featured_media":14918,"comment_status":"open","ping_status":"open","sticky":false,"template":"","format":"standard","meta":{"inline_featured_image":false,"jnews-multi-image_gallery":[],"jnews_single_post":[],"jnews_primary_category":[],"jnews_social_meta":[],"jnews_override_counter":[],"jnews_post_split":[],"footnotes":""},"categories":[61],"tags":[],"class_list":["post-14916","post","type-post","status-publish","format-standard","has-post-thumbnail","hentry","category-puerto-del-rosario"],"jetpack_featured_media_url":"https:\/\/informacionlocal.es\/wp-content\/uploads\/2025\/12\/luces-t-2-p-nav25-belen-alcalde-y-conc-scaled-1.jpg","_links":{"self":[{"href":"https:\/\/informacionlocal.es\/en\/wp-json\/wp\/v2\/posts\/14916","targetHints":{"allow":["GET"]}}],"collection":[{"href":"https:\/\/informacionlocal.es\/en\/wp-json\/wp\/v2\/posts"}],"about":[{"href":"https:\/\/informacionlocal.es\/en\/wp-json\/wp\/v2\/types\/post"}],"author":[{"embeddable":true,"href":"https:\/\/informacionlocal.es\/en\/wp-json\/wp\/v2\/users\/1"}],"replies":[{"embeddable":true,"href":"https:\/\/informacionlocal.es\/en\/wp-json\/wp\/v2\/comments?post=14916"}],"version-history":[{"count":0,"href":"https:\/\/informacionlocal.es\/en\/wp-json\/wp\/v2\/posts\/14916\/revisions"}],"wp:featuredmedia":[{"embeddable":true,"href":"https:\/\/informacionlocal.es\/en\/wp-json\/wp\/v2\/media\/14918"}],"wp:attachment":[{"href":"https:\/\/informacionlocal.es\/en\/wp-json\/wp\/v2\/media?parent=14916"}],"wp:term":[{"taxonomy":"category","embeddable":true,"href":"https:\/\/informacionlocal.es\/en\/wp-json\/wp\/v2\/categories?post=14916"},{"taxonomy":"post_tag","embeddable":true,"href":"https:\/\/informacionlocal.es\/en\/wp-json\/wp\/v2\/tags?post=14916"}],"curies":[{"name":"wp","href":"https:\/\/api.w.org\/{rel}","templated":true}]}}