{"id":14904,"date":"2025-12-02T17:58:22","date_gmt":"2025-12-02T17:58:22","guid":{"rendered":"https:\/\/informacionlocal.es\/el-cabildo-clausura-con-exito-los-talleres-de-artesania-tradicional\/"},"modified":"2025-12-02T17:58:22","modified_gmt":"2025-12-02T17:58:22","slug":"el-cabildo-clausura-con-exito-los-talleres-de-artesania-tradicional","status":"publish","type":"post","link":"https:\/\/informacionlocal.es\/en\/el-cabildo-clausura-con-exito-los-talleres-de-artesania-tradicional\/","title":{"rendered":"El Cabildo clausura con \u00e9xito los talleres de artesan\u00eda tradicional"},"content":{"rendered":"<div class=\"entry-content\"><strong>2 diciembre, 2025<\/strong><\/p>\n<p><strong><em>La iniciativa forma parte del programa \u2018Fuerte por Naturaleza\u2019 de la<br \/>\nConsejer\u00eda de Turismo, en acuerdo con la C\u00e1mara de Comercio y con la<br \/>\ncolaboraci\u00f3n del \u00e1rea insular de Artesan\u00eda<\/em><\/strong><\/p>\n<p>El Cabildo de Fuerteventura ha clausurado con<br \/>\n\u00e9xito los talleres de artesan\u00eda tradicional que se desarrollan en Tiscamaninita<br \/>\ny Tindaya.\u00a0 Unos talleres que forman<br \/>\nparte del programa \u2018Fuerte por Naturaleza\u2019 de la Consejer\u00eda de Turismo, gracias<br \/>\nal acuerdo con la C\u00e1mara de Comercio, en coordinaci\u00f3n con el \u00e1rea insular de<br \/>\nArtesan\u00eda.<\/p>\n<p>La presidenta insular, Lola Garc\u00eda, la<br \/>\nconsejera de Turismo, Marlene Figueroa, y la consejera de Artesan\u00eda, Lolina<br \/>\nNegr\u00edn, participaron en la clausura del taller de sombrerer\u00eda, con la presencia<br \/>\ntambi\u00e9n del concejal de Cultura, David Hern\u00e1ndez, en el Mercado de las<br \/>\nTradiciones (Casa del Coronel) del municipio de La Oliva.<\/p>\n<p>Las autoridades hicieron entrega de los<br \/>\ndiplomas, junto al artesano \u00c1ngel Nolasco, quien imparti\u00f3 el curso. Asistieron,<br \/>\nadem\u00e1s, la secretaria de Estado de Turismo, Rosario S\u00e1nchez, as\u00ed como la<br \/>\ndirectora insular de la Administraci\u00f3n del Estado, Mar\u00eda Jes\u00fas de la Cruz, y la<br \/>\nsenadora Paloma Hern\u00e1ndez.<\/p>\n<p>Los talleres se centraron en dos disciplinas:<br \/>\ncester\u00eda de palma (Tiscamanita) y sombrerer\u00eda tradicional (Tindaya). Se desarrollaron<br \/>\ndesde el pasado mes de septiembre, permitiendo al Cabildo reafirmar su<br \/>\ncompromiso por recuperar y difundir las pr\u00e1cticas artesanales que forman parte<br \/>\ndel patrimonio majorero.<\/p>\n<p>Esta iniciativa consolida al Cabildo de<br \/>\nFuerteventura como un referente en la recuperaci\u00f3n, difusi\u00f3n y mantenimiento de<br \/>\nconocimientos vinculados a los oficios artesanos de la isla. En este caso, con<br \/>\nunos talleres financiados por la Uni\u00f3n Europea a trav\u00e9s de los fondos Next Generation<br \/>\nEU.<\/p>\n<\/div>\n","protected":false},"excerpt":{"rendered":"<p>2 diciembre, 2025 La iniciativa forma parte del programa \u2018Fuerte por Naturaleza\u2019 de la Consejer\u00eda de Turismo, en acuerdo con la C\u00e1mara de Comercio y con la colaboraci\u00f3n del \u00e1rea [&hellip;]<\/p>\n","protected":false},"author":1,"featured_media":14906,"comment_status":"open","ping_status":"open","sticky":false,"template":"","format":"standard","meta":{"inline_featured_image":false,"jnews-multi-image_gallery":[],"jnews_single_post":[],"jnews_primary_category":[],"jnews_social_meta":[],"jnews_override_counter":[],"jnews_post_split":[],"footnotes":""},"categories":[58],"tags":[82],"class_list":["post-14904","post","type-post","status-publish","format-standard","has-post-thumbnail","hentry","category-cabildo","tag-fuerteventura"],"jetpack_featured_media_url":"https:\/\/informacionlocal.es\/wp-content\/uploads\/2025\/12\/artesanc3ada-8.jpeg","_links":{"self":[{"href":"https:\/\/informacionlocal.es\/en\/wp-json\/wp\/v2\/posts\/14904","targetHints":{"allow":["GET"]}}],"collection":[{"href":"https:\/\/informacionlocal.es\/en\/wp-json\/wp\/v2\/posts"}],"about":[{"href":"https:\/\/informacionlocal.es\/en\/wp-json\/wp\/v2\/types\/post"}],"author":[{"embeddable":true,"href":"https:\/\/informacionlocal.es\/en\/wp-json\/wp\/v2\/users\/1"}],"replies":[{"embeddable":true,"href":"https:\/\/informacionlocal.es\/en\/wp-json\/wp\/v2\/comments?post=14904"}],"version-history":[{"count":0,"href":"https:\/\/informacionlocal.es\/en\/wp-json\/wp\/v2\/posts\/14904\/revisions"}],"wp:featuredmedia":[{"embeddable":true,"href":"https:\/\/informacionlocal.es\/en\/wp-json\/wp\/v2\/media\/14906"}],"wp:attachment":[{"href":"https:\/\/informacionlocal.es\/en\/wp-json\/wp\/v2\/media?parent=14904"}],"wp:term":[{"taxonomy":"category","embeddable":true,"href":"https:\/\/informacionlocal.es\/en\/wp-json\/wp\/v2\/categories?post=14904"},{"taxonomy":"post_tag","embeddable":true,"href":"https:\/\/informacionlocal.es\/en\/wp-json\/wp\/v2\/tags?post=14904"}],"curies":[{"name":"wp","href":"https:\/\/api.w.org\/{rel}","templated":true}]}}