{"id":14898,"date":"2025-12-02T16:58:23","date_gmt":"2025-12-02T16:58:23","guid":{"rendered":"https:\/\/informacionlocal.es\/el-cabildo-finaliza-las-obras-de-reacondicionamiento-de-la-peatonal-percebe-y-el-boulevard-timon-de-morro-jable\/"},"modified":"2025-12-02T16:58:23","modified_gmt":"2025-12-02T16:58:23","slug":"el-cabildo-finaliza-las-obras-de-reacondicionamiento-de-la-peatonal-percebe-y-el-boulevard-timon-de-morro-jable","status":"publish","type":"post","link":"https:\/\/informacionlocal.es\/en\/el-cabildo-finaliza-las-obras-de-reacondicionamiento-de-la-peatonal-percebe-y-el-boulevard-timon-de-morro-jable\/","title":{"rendered":"El Cabildo finaliza las obras de reacondicionamiento de la peatonal Percebe y el boulevard Tim\u00f3n de Morro Jable"},"content":{"rendered":"<div class=\"entry-content\"><strong>2 diciembre, 2025<\/strong><\/p>\n<p>Morro Jable disfruta ya del reacondicionamiento y nuevo alumbrado de la calle peatonal Percebe y del boulevard Tim\u00f3n. Estas intervenciones han cambiado por completo la imagen urban\u00edstica en m\u00e1s de 1.000 metros cuadrados de espacio p\u00fablico y han revalorizado la zona y sus propiedades. Son obras del Cabildo de Fuerteventura, en colaboraci\u00f3n con el Ayuntamiento de P\u00e1jara, que han contado con financiaci\u00f3n del Plan Insular de Cooperaci\u00f3n de Obras y Servicios y del Fondo de Desarrollo de Canarias (Fdcan).<\/p>\n<p>La presidenta del Cabildo, Lola Garc\u00eda, destaca un proyecto que ha mejorado, consolidado y embellecido esta zona del n\u00facleo urbano de Morro Jable abordando problemas como la falta de iluminaci\u00f3n y la carencia de espacios accesibles y de esparcimiento. Se integran ambas calles con el resto del n\u00facleo urbano, promoviendo su habitabilidad y bienestar colectivo.<\/p>\n<p>Blas Acosta, consejero de Infraestructuras, explica que \u201chacer que las v\u00edas p\u00fablicas est\u00e9n bien iluminadas y asfaltadas, sean accesibles y prevean espacio suficiente para los peatones, significa crear un entorno urbano cuidado y positivamente contagioso que anima a los propietarios a embellecer sus inmuebles y comercios, lo que a su vez revaloriza la zona y mejora el nivel de vida de los vecinos y vecinas\u201d.<\/p>\n<p>Cabe destacar que m\u00e1s all\u00e1 de los beneficios urban\u00edsticos y vecinales de esta obra, la empresa adjudicataria ha incorporado en su ejecuci\u00f3n materiales fabricados por AldeasLab, empresa de inserci\u00f3n social y laboral que nace de Aldeas Infantiles SOS, lo que le otorga a esta intervenci\u00f3n una dimensi\u00f3n social extra.<\/p>\n<p>En este sentido, las obras de reacondicionamiento y alumbrado de 740 metros cuadrados en la calle peatonal Percebe y de 325 metros cuadrados en el\u00a0 boulevard Tim\u00f3n se ha conseguido la mejora, consolidaci\u00f3n y embellecimiento de esta zona del n\u00facleo urbano de Morro Jable.<\/p>\n<p>En especial, se ha puesto el acento en subsanar la falta de iluminaci\u00f3n y mejorar el deterioro urban\u00edstico, generando nuevos espacios urbanos de estancia.<\/p>\n<p>Otro punto importante de este proyecto es la mejora de la accesibilidad. En ambos casos, tanto en la calle peatonal Percebe como en el boulevard Tim\u00f3n, se han suprimido las barreras arquitect\u00f3nicas.<\/p>\n<\/div>\n","protected":false},"excerpt":{"rendered":"<p>2 diciembre, 2025 Morro Jable disfruta ya del reacondicionamiento y nuevo alumbrado de la calle peatonal Percebe y del boulevard Tim\u00f3n. Estas intervenciones han cambiado por completo la imagen urban\u00edstica [&hellip;]<\/p>\n","protected":false},"author":1,"featured_media":14900,"comment_status":"open","ping_status":"open","sticky":false,"template":"","format":"standard","meta":{"inline_featured_image":false,"jnews-multi-image_gallery":[],"jnews_single_post":[],"jnews_primary_category":[],"jnews_social_meta":[],"jnews_override_counter":[],"jnews_post_split":[],"footnotes":""},"categories":[58],"tags":[82],"class_list":["post-14898","post","type-post","status-publish","format-standard","has-post-thumbnail","hentry","category-cabildo","tag-fuerteventura"],"jetpack_featured_media_url":"https:\/\/informacionlocal.es\/wp-content\/uploads\/2025\/12\/boulevartimc3b3n.jpeg","_links":{"self":[{"href":"https:\/\/informacionlocal.es\/en\/wp-json\/wp\/v2\/posts\/14898","targetHints":{"allow":["GET"]}}],"collection":[{"href":"https:\/\/informacionlocal.es\/en\/wp-json\/wp\/v2\/posts"}],"about":[{"href":"https:\/\/informacionlocal.es\/en\/wp-json\/wp\/v2\/types\/post"}],"author":[{"embeddable":true,"href":"https:\/\/informacionlocal.es\/en\/wp-json\/wp\/v2\/users\/1"}],"replies":[{"embeddable":true,"href":"https:\/\/informacionlocal.es\/en\/wp-json\/wp\/v2\/comments?post=14898"}],"version-history":[{"count":0,"href":"https:\/\/informacionlocal.es\/en\/wp-json\/wp\/v2\/posts\/14898\/revisions"}],"wp:featuredmedia":[{"embeddable":true,"href":"https:\/\/informacionlocal.es\/en\/wp-json\/wp\/v2\/media\/14900"}],"wp:attachment":[{"href":"https:\/\/informacionlocal.es\/en\/wp-json\/wp\/v2\/media?parent=14898"}],"wp:term":[{"taxonomy":"category","embeddable":true,"href":"https:\/\/informacionlocal.es\/en\/wp-json\/wp\/v2\/categories?post=14898"},{"taxonomy":"post_tag","embeddable":true,"href":"https:\/\/informacionlocal.es\/en\/wp-json\/wp\/v2\/tags?post=14898"}],"curies":[{"name":"wp","href":"https:\/\/api.w.org\/{rel}","templated":true}]}}