{"id":14886,"date":"2025-12-02T14:58:38","date_gmt":"2025-12-02T14:58:38","guid":{"rendered":"https:\/\/informacionlocal.es\/fuerte-nakama-puerto-llega-los-13-y-14-de-diciembre-como-espacio-de-encuentro-para-los-amantes-de-la-cultura-asiatica-y-los-videojuegos\/"},"modified":"2025-12-02T14:58:38","modified_gmt":"2025-12-02T14:58:38","slug":"fuerte-nakama-puerto-llega-los-13-y-14-de-diciembre-como-espacio-de-encuentro-para-los-amantes-de-la-cultura-asiatica-y-los-videojuegos","status":"publish","type":"post","link":"https:\/\/informacionlocal.es\/en\/fuerte-nakama-puerto-llega-los-13-y-14-de-diciembre-como-espacio-de-encuentro-para-los-amantes-de-la-cultura-asiatica-y-los-videojuegos\/","title":{"rendered":"\u2018Fuerte Nakama Puerto\u2019 llega los 13 y 14 de diciembre como espacio de encuentro para los amantes de la cultura asi\u00e1tica y los videojuegos"},"content":{"rendered":"<div class=\"entry-content\"><strong>2 diciembre, 2025<\/strong><\/p>\n<p>Fuerte Nakama Puerto llegar\u00e1 los pr\u00f3ximos 13 y<br \/>\n14 de diciembre, como punto de encuentro para los amantes de la cultura<br \/>\nasi\u00e1tica, el manga y los videojuegos. El Palacio de Formaci\u00f3n y Congresos de<br \/>\nFuerteventura acoger\u00e1 este evento, organizado por Zukoabega Producciones, con<br \/>\nel apoyo del Cabildo de Fuerteventura y el Ayuntamiento de Puerto del Rosario.<\/p>\n<p>Seg\u00fan el director art\u00edstico del evento,<br \/>\nTenesor Cruz, va dedicado al compa\u00f1erismo y la colectividad aficionada a la<br \/>\ncultura asi\u00e1tica, quienes ser\u00e1n los m\u00e1ximos protagonistas. Tendremos, adem\u00e1s,<br \/>\nzona gaming y grandes nombres como los actores de voz de peso como Antonio<br \/>\nEsquivias (Frasier, Los Simpson) y Mireia L\u00f3pez Beltr\u00e1n (Naruto Shipp\u016bden, Spy<br \/>\nFamily), que atraer\u00e1n diferentes tipos de p\u00fablico.<\/p>\n<p>Tambi\u00e9n participar\u00e1n artistas locales como el<br \/>\ndibujante Guille Rancel o Dibujante Nocturno con talleres, pasarelas cosplay,<br \/>\nconcursos de K-pop, torneos gaming y otras actividades.\u00a0 <\/p>\n<p>La consejera insular de Nuevas Tecnolog\u00edas,<br \/>\nCarmen Alonso, se\u00f1al\u00f3 que \u201cdesde el Cabildo de Fuerteventura sabemos que este<br \/>\ntipo de encuentros hacen crecer comunidad, creatividad y oportunidades para nuestra<br \/>\njuventud\u201d. \u201cEs muy importante estar cerca de esta comunidad y a lo largo de<br \/>\neste a\u00f1o hemos impulsado actividades en esta l\u00ednea, acercando las nuevas<br \/>\ntecnolog\u00edas a toda la ciudadan\u00eda\u201d.<\/p>\n<p>Jenifer P\u00e9rez, concejala de Juventud explic\u00f3<br \/>\nque \u201cel Ayuntamiento de Puerto del Rosario y el Cabildo nos hemos unido para<br \/>\ntraer un evento con programaci\u00f3n que los j\u00f3venes estaban esperando, relacionada<br \/>\ncon el mundo anime y manga\u201d. P\u00e9rez anim\u00f3 a todas las personas a acercarse a<br \/>\ndisfrutar de las actividades, que se desarrollar\u00e1n de manera gratuita.<\/p>\n<\/div>\n","protected":false},"excerpt":{"rendered":"<p>2 diciembre, 2025 Fuerte Nakama Puerto llegar\u00e1 los pr\u00f3ximos 13 y 14 de diciembre, como punto de encuentro para los amantes de la cultura asi\u00e1tica, el manga y los videojuegos. [&hellip;]<\/p>\n","protected":false},"author":1,"featured_media":14888,"comment_status":"open","ping_status":"open","sticky":false,"template":"","format":"standard","meta":{"inline_featured_image":false,"jnews-multi-image_gallery":[],"jnews_single_post":[],"jnews_primary_category":[],"jnews_social_meta":[],"jnews_override_counter":[],"jnews_post_split":[],"footnotes":""},"categories":[58],"tags":[82],"class_list":["post-14886","post","type-post","status-publish","format-standard","has-post-thumbnail","hentry","category-cabildo","tag-fuerteventura"],"jetpack_featured_media_url":"https:\/\/informacionlocal.es\/wp-content\/uploads\/2025\/12\/fuerte-nakama-puerto.jpeg","_links":{"self":[{"href":"https:\/\/informacionlocal.es\/en\/wp-json\/wp\/v2\/posts\/14886","targetHints":{"allow":["GET"]}}],"collection":[{"href":"https:\/\/informacionlocal.es\/en\/wp-json\/wp\/v2\/posts"}],"about":[{"href":"https:\/\/informacionlocal.es\/en\/wp-json\/wp\/v2\/types\/post"}],"author":[{"embeddable":true,"href":"https:\/\/informacionlocal.es\/en\/wp-json\/wp\/v2\/users\/1"}],"replies":[{"embeddable":true,"href":"https:\/\/informacionlocal.es\/en\/wp-json\/wp\/v2\/comments?post=14886"}],"version-history":[{"count":0,"href":"https:\/\/informacionlocal.es\/en\/wp-json\/wp\/v2\/posts\/14886\/revisions"}],"wp:featuredmedia":[{"embeddable":true,"href":"https:\/\/informacionlocal.es\/en\/wp-json\/wp\/v2\/media\/14888"}],"wp:attachment":[{"href":"https:\/\/informacionlocal.es\/en\/wp-json\/wp\/v2\/media?parent=14886"}],"wp:term":[{"taxonomy":"category","embeddable":true,"href":"https:\/\/informacionlocal.es\/en\/wp-json\/wp\/v2\/categories?post=14886"},{"taxonomy":"post_tag","embeddable":true,"href":"https:\/\/informacionlocal.es\/en\/wp-json\/wp\/v2\/tags?post=14886"}],"curies":[{"name":"wp","href":"https:\/\/api.w.org\/{rel}","templated":true}]}}