{"id":14820,"date":"2025-12-01T10:58:34","date_gmt":"2025-12-01T10:58:34","guid":{"rendered":"https:\/\/informacionlocal.es\/el-cabildo-cambia-las-luminarias-de-vapor-de-sodio-del-aeropuerto-y-avanza-en-la-sustitucion-a-led-en-toda-la-isla\/"},"modified":"2025-12-01T10:58:34","modified_gmt":"2025-12-01T10:58:34","slug":"el-cabildo-cambia-las-luminarias-de-vapor-de-sodio-del-aeropuerto-y-avanza-en-la-sustitucion-a-led-en-toda-la-isla","status":"publish","type":"post","link":"https:\/\/informacionlocal.es\/en\/el-cabildo-cambia-las-luminarias-de-vapor-de-sodio-del-aeropuerto-y-avanza-en-la-sustitucion-a-led-en-toda-la-isla\/","title":{"rendered":"El Cabildo cambia las luminarias de vapor de sodio del aeropuerto y avanza en la sustituci\u00f3n a LED en toda la isla"},"content":{"rendered":"<div class=\"entry-content\"><strong>1 diciembre, 2025<\/strong><\/p>\n<p><em><strong>El enlace de entrada y la salida sur se iluminan ya con el nuevo sistema, que destaca por favorecer el ahorro energ\u00e9tico<\/strong><\/em><\/p>\n<p>El Cabildo ha cambiado las 22 luminarias que cubren el enlace de acceso al aeropuerto de Fuerteventura y su salida en direcci\u00f3n sur. La sustituci\u00f3n de l\u00e1mparas de vapor de sodio por l\u00e1mparas LED supone un salto cualitativo de sistema que implica varias mejoras a nivel de seguridad vial, ahorro energ\u00e9tico y sostenibilidad.<\/p>\n<p>La presidenta del Cabildo de Fuerteventura, Lola Garc\u00eda, pone en valor las actuaciones que se ejecutan en la red viaria insular, mejorando la comodidad y seguridad para las personas usuarias, \u201cen este caso con la sustituci\u00f3n de luminarias, que supone tambi\u00e9n un ahorro energ\u00e9tico y una mejora de la sostenibilidad en las infraestructuras\u201d.<\/p>\n<p>El consejero de Carreteras, Blas Acosta, explica que \u201cla sustituci\u00f3n de luminarias actualiza las dotaciones en la red insular de carreteras, incrementa su eficiencia y seguridad y reduce el impacto medioambiental\u201d.<\/p>\n<p>Hasta el momento, el Servicio de Carreteras del Cabildo ha sustituido m\u00e1s de 200 luminarias de vapor de sodio de las v\u00edas majoreras por otras tantas con sistema LED. Esto supone m\u00e1s de la mitad de las luminarias que cubren las v\u00edas insulares. El proceso de sustituci\u00f3n y modernizaci\u00f3n de la iluminaci\u00f3n en las carreteras majoreras contin\u00faa su programaci\u00f3n prevista.<\/p>\n<p>En el caso que nos ocupa del acceso al aeropuerto de Fuerteventura, los operarios del Servicio de Carreteras y de la UTE adjudicataria del mantenimiento han sustituido las 22 luminarias existentes en este tramo, lo que mejora la visibilidad en horario nocturno tanto para los conductores como para los viandantes que transiten por el nuevo acceso peatonal al aeropuerto, tambi\u00e9n ejecutado por el Servicio de Carreteras.<\/p>\n<p>Esta nueva conexi\u00f3n peatonal une el aeropuerto de Fuerteventura con el aparcamiento de Llanos de la Mareta y la parada de la guagua. El acceso completa las obras realizadas en la estructura elevada sobre al FV-2 y en la v\u00eda de entrada al aparcamiento, habilitando as\u00ed un \u201ceje seguro\u201d de 145 metros lineales entre el aeropuerto y Llanos de la Mareta.<\/p>\n<\/div>\n","protected":false},"excerpt":{"rendered":"<p>1 diciembre, 2025 El enlace de entrada y la salida sur se iluminan ya con el nuevo sistema, que destaca por favorecer el ahorro energ\u00e9tico El Cabildo ha cambiado las [&hellip;]<\/p>\n","protected":false},"author":1,"featured_media":14822,"comment_status":"open","ping_status":"open","sticky":false,"template":"","format":"standard","meta":{"inline_featured_image":false,"jnews-multi-image_gallery":[],"jnews_single_post":[],"jnews_primary_category":[],"jnews_social_meta":[],"jnews_override_counter":[],"jnews_post_split":[],"footnotes":""},"categories":[58],"tags":[82,181],"class_list":["post-14820","post","type-post","status-publish","format-standard","has-post-thumbnail","hentry","category-cabildo","tag-fuerteventura","tag-infraestructuras"],"jetpack_featured_media_url":"https:\/\/informacionlocal.es\/wp-content\/uploads\/2025\/12\/aeropuerto1.jpeg","_links":{"self":[{"href":"https:\/\/informacionlocal.es\/en\/wp-json\/wp\/v2\/posts\/14820","targetHints":{"allow":["GET"]}}],"collection":[{"href":"https:\/\/informacionlocal.es\/en\/wp-json\/wp\/v2\/posts"}],"about":[{"href":"https:\/\/informacionlocal.es\/en\/wp-json\/wp\/v2\/types\/post"}],"author":[{"embeddable":true,"href":"https:\/\/informacionlocal.es\/en\/wp-json\/wp\/v2\/users\/1"}],"replies":[{"embeddable":true,"href":"https:\/\/informacionlocal.es\/en\/wp-json\/wp\/v2\/comments?post=14820"}],"version-history":[{"count":0,"href":"https:\/\/informacionlocal.es\/en\/wp-json\/wp\/v2\/posts\/14820\/revisions"}],"wp:featuredmedia":[{"embeddable":true,"href":"https:\/\/informacionlocal.es\/en\/wp-json\/wp\/v2\/media\/14822"}],"wp:attachment":[{"href":"https:\/\/informacionlocal.es\/en\/wp-json\/wp\/v2\/media?parent=14820"}],"wp:term":[{"taxonomy":"category","embeddable":true,"href":"https:\/\/informacionlocal.es\/en\/wp-json\/wp\/v2\/categories?post=14820"},{"taxonomy":"post_tag","embeddable":true,"href":"https:\/\/informacionlocal.es\/en\/wp-json\/wp\/v2\/tags?post=14820"}],"curies":[{"name":"wp","href":"https:\/\/api.w.org\/{rel}","templated":true}]}}