{"id":14790,"date":"2025-11-29T10:59:00","date_gmt":"2025-11-29T10:59:00","guid":{"rendered":"https:\/\/informacionlocal.es\/encendido-navideno-este-domingo-en-antigua-y-caleta-de-fuste\/"},"modified":"2025-11-29T10:59:00","modified_gmt":"2025-11-29T10:59:00","slug":"encendido-navideno-este-domingo-en-antigua-y-caleta-de-fuste","status":"publish","type":"post","link":"https:\/\/informacionlocal.es\/en\/encendido-navideno-este-domingo-en-antigua-y-caleta-de-fuste\/","title":{"rendered":"Encendido Navide\u00f1o este domingo en Antigua y Caleta de Fuste"},"content":{"rendered":"<div class=\"elementor-widget-container\">\n<p><strong>Encendido Navide\u00f1o este domingo en Antigua y Caleta de Fuste<\/strong><\/p>\n<p><strong>\u2022 Este domingo 30 de noviembre, Encendido Navide\u00f1os en Antigua a las 18:30 horas y en Caleta de Fuste a las 20:00 horas. <\/strong><br \/><strong>\u2022 El Ayuntamiento de Antigua mejora el suministro de elementos de alumbrado ornamental y decorativo de la Navidad en todos los pueblos con una inversi\u00f3n superior a los 60.000 euros.<\/strong><\/p>\n<p>El alcalde de Antigua, Mat\u00edas Pe\u00f1a Garc\u00eda, presidir\u00e1 el Encendido Navide\u00f1o en Antigua y caleta de Fuste este domingo 30 de noviembre a las 18:30 horas en la plaza de Antigua y a las 20:00 horas en la plaza de El Castillo.<\/p>\n<p>El alcalde realizar\u00e1 el tradicional encendido junto con el concejal de Comercio, coordinador del acto y de la decoraci\u00f3n navide\u00f1a en todo el Municipio, Giuseppe Signorino, destinando este a\u00f1o una inversi\u00f3n de m\u00e1s de 60.000 euros a la adquisici\u00f3n y mejora de los elementos ornamentales de luces y decoraci\u00f3n navide\u00f1a en todos los pueblos del Municipio.<\/p>\n<p>El acto de encendido Navide\u00f1o en Antigua y Caleta de Fuste contar\u00e1 con la actuaci\u00f3n musical de los artistas N\u00e9stor Garc\u00eda y Bernab\u00e9 Ortega, aportando la melod\u00eda y armon\u00eda caracter\u00edstica de estas fechas entra\u00f1ables.<\/p>\n<p>Con el alumbrado navide\u00f1o queremos iluminar y decorar el ambiente navide\u00f1o en las principales calles y plazas, deseando que sea del agrado de las familias que residen en el Municipio, aportando esta iluminaci\u00f3n a una celebraci\u00f3n de todas y todos, de alegr\u00edas, recuerdos y sue\u00f1os posibles o imposibles, se\u00f1ala el alcalde, Mat\u00edas Pe\u00f1a.<\/p>\n<p>El alcalde destaca el trabajo realizado por la concejal\u00eda de Comercio, as\u00ed como agradece la coordinaci\u00f3n con la concejal\u00eda de Obras y Servicios que coordina Juan Cabrera para la instalaci\u00f3n de los ornamentos, bombillas e iluminaciones destacadas en calles y plazas.<\/p>\n<p>Una iluminaci\u00f3n que invita a compartir y salir a la calle para festejar, afirma el concejal Signorino, una iluminaci\u00f3n que se complementa con la iluminaci\u00f3n aportada por comercios y establecimientos, que en estas fechas se transforman y unen a la celebraci\u00f3n de sus vecinos y vecinas.<\/p>\n<\/div>\n","protected":false},"excerpt":{"rendered":"<p><strong>Encendido Navide\u00f1o este domingo en Antigua y Caleta de Fuste<\/strong><\/p>\n","protected":false},"author":1,"featured_media":14792,"comment_status":"open","ping_status":"open","sticky":false,"template":"","format":"standard","meta":{"inline_featured_image":false,"jnews-multi-image_gallery":[],"jnews_single_post":[],"jnews_primary_category":[],"jnews_social_meta":[],"jnews_override_counter":[],"jnews_post_split":[],"footnotes":""},"categories":[59],"tags":[],"class_list":["post-14790","post","type-post","status-publish","format-standard","has-post-thumbnail","hentry","category-antigua"],"jetpack_featured_media_url":"https:\/\/informacionlocal.es\/wp-content\/uploads\/2025\/11\/encendido-de-navidad-en-antigua-y-caleta-de-fuste-2.png","_links":{"self":[{"href":"https:\/\/informacionlocal.es\/en\/wp-json\/wp\/v2\/posts\/14790","targetHints":{"allow":["GET"]}}],"collection":[{"href":"https:\/\/informacionlocal.es\/en\/wp-json\/wp\/v2\/posts"}],"about":[{"href":"https:\/\/informacionlocal.es\/en\/wp-json\/wp\/v2\/types\/post"}],"author":[{"embeddable":true,"href":"https:\/\/informacionlocal.es\/en\/wp-json\/wp\/v2\/users\/1"}],"replies":[{"embeddable":true,"href":"https:\/\/informacionlocal.es\/en\/wp-json\/wp\/v2\/comments?post=14790"}],"version-history":[{"count":0,"href":"https:\/\/informacionlocal.es\/en\/wp-json\/wp\/v2\/posts\/14790\/revisions"}],"wp:featuredmedia":[{"embeddable":true,"href":"https:\/\/informacionlocal.es\/en\/wp-json\/wp\/v2\/media\/14792"}],"wp:attachment":[{"href":"https:\/\/informacionlocal.es\/en\/wp-json\/wp\/v2\/media?parent=14790"}],"wp:term":[{"taxonomy":"category","embeddable":true,"href":"https:\/\/informacionlocal.es\/en\/wp-json\/wp\/v2\/categories?post=14790"},{"taxonomy":"post_tag","embeddable":true,"href":"https:\/\/informacionlocal.es\/en\/wp-json\/wp\/v2\/tags?post=14790"}],"curies":[{"name":"wp","href":"https:\/\/api.w.org\/{rel}","templated":true}]}}