{"id":14684,"date":"2025-11-28T13:58:26","date_gmt":"2025-11-28T13:58:26","guid":{"rendered":"https:\/\/informacionlocal.es\/el-cabildo-y-altihay-fuerteventura-conmemoran-el-dia-mundial-contra-el-sida-con-una-programacion-de-actividades\/"},"modified":"2025-11-28T13:58:26","modified_gmt":"2025-11-28T13:58:26","slug":"el-cabildo-y-altihay-fuerteventura-conmemoran-el-dia-mundial-contra-el-sida-con-una-programacion-de-actividades","status":"publish","type":"post","link":"https:\/\/informacionlocal.es\/en\/el-cabildo-y-altihay-fuerteventura-conmemoran-el-dia-mundial-contra-el-sida-con-una-programacion-de-actividades\/","title":{"rendered":"El Cabildo y ALTIHAY Fuerteventura conmemoran el D\u00eda Mundial contra el Sida con una programaci\u00f3n de actividades"},"content":{"rendered":"<div class=\"entry-content\"><strong>28 noviembre, 2025<\/strong><\/p>\n<p><strong><em>Las actividades est\u00e1n dirigidas a todos los p\u00fablicos y buscan<br \/>\nsensibilizar, visibilizar y combatir el estigma sobre el VIH<\/em><\/strong><\/p>\n<p>El Cabildo, a trav\u00e9s del Servicio de Informaci\u00f3n y Prevenci\u00f3n de<br \/>\nAdicciones perteneciente a la Consejer\u00eda de Acci\u00f3n Social, y ALTIHAY<br \/>\nFuerteventura ponen en marcha una programaci\u00f3n especial para conmemorar el D\u00eda<br \/>\nMundial contra el Sida, con el objetivo de visibilizar la realidad del VIH,<br \/>\nsensibilizar a la poblaci\u00f3n y combatir el estigma a\u00fan existente.<\/p>\n<p>Tanto la presidenta insular, Lola Garc\u00eda, como el consejero de<br \/>\nAcci\u00f3n Social, V\u00edctor Alonso, han indicado que desde el Cabildo se contin\u00faa con<br \/>\nel compromiso de impulsar la prevenci\u00f3n, la informaci\u00f3n y el respeto.<br \/>\nAgradecemos el trabajo de asociaciones como ALTIHAY por hacer posible estas<br \/>\niniciativas, que nos recuerdan que la lucha contra el VIH es una<br \/>\nresponsabilidad colectiva.<\/p>\n<p>Las actividades dar\u00e1n comienzo el lunes 1 de diciembre, a las<br \/>\n12.00 horas, con la lectura de un manifiesto a cargo de ALTIHAY, en la entrada<br \/>\nprincipal del Cabildo.<\/p>\n<p>Como parte de la programaci\u00f3n, ALTIHAY Fuerteventura invita a la<br \/>\npoblaci\u00f3n a la proyecci\u00f3n del documental <em>Estigma<\/em>, producido y dirigido<br \/>\npor Pilar Garc\u00eda, una obra que recoge testimonios reales sobre el VIH y que<br \/>\npretende dar voz a quienes conviven con esta realidad.<\/p>\n<p>La proyecci\u00f3n tendr\u00e1 lugar el 5 de diciembre, a las 19.30 horas,<br \/>\nen el Auditorio Insular de Puerto del Rosario. Tras la misma, se celebrar\u00e1 una<br \/>\nmesa redonda con la participaci\u00f3n de Bel\u00e9n Lamuedra, Le\u00f3n Mart\u00edn Bethencourt, Irene<br \/>\nCabrera y Pedro Esquivel, quienes ofrecer\u00e1n una reflexi\u00f3n conjunta sobre el<br \/>\nimpacto del estigma, la importancia de la informaci\u00f3n y el papel esencial del<br \/>\napoyo comunitario.<\/p>\n<\/div>\n","protected":false},"excerpt":{"rendered":"<p>28 noviembre, 2025 Las actividades est\u00e1n dirigidas a todos los p\u00fablicos y buscan sensibilizar, visibilizar y combatir el estigma sobre el VIH El Cabildo, a trav\u00e9s del Servicio de Informaci\u00f3n [&hellip;]<\/p>\n","protected":false},"author":1,"featured_media":14686,"comment_status":"open","ping_status":"open","sticky":false,"template":"","format":"standard","meta":{"inline_featured_image":false,"jnews-multi-image_gallery":[],"jnews_single_post":[],"jnews_primary_category":[],"jnews_social_meta":[],"jnews_override_counter":[],"jnews_post_split":[],"footnotes":""},"categories":[58],"tags":[82],"class_list":["post-14684","post","type-post","status-publish","format-standard","has-post-thumbnail","hentry","category-cabildo","tag-fuerteventura"],"jetpack_featured_media_url":"https:\/\/informacionlocal.es\/wp-content\/uploads\/2025\/11\/cartel-vih.png","_links":{"self":[{"href":"https:\/\/informacionlocal.es\/en\/wp-json\/wp\/v2\/posts\/14684","targetHints":{"allow":["GET"]}}],"collection":[{"href":"https:\/\/informacionlocal.es\/en\/wp-json\/wp\/v2\/posts"}],"about":[{"href":"https:\/\/informacionlocal.es\/en\/wp-json\/wp\/v2\/types\/post"}],"author":[{"embeddable":true,"href":"https:\/\/informacionlocal.es\/en\/wp-json\/wp\/v2\/users\/1"}],"replies":[{"embeddable":true,"href":"https:\/\/informacionlocal.es\/en\/wp-json\/wp\/v2\/comments?post=14684"}],"version-history":[{"count":0,"href":"https:\/\/informacionlocal.es\/en\/wp-json\/wp\/v2\/posts\/14684\/revisions"}],"wp:featuredmedia":[{"embeddable":true,"href":"https:\/\/informacionlocal.es\/en\/wp-json\/wp\/v2\/media\/14686"}],"wp:attachment":[{"href":"https:\/\/informacionlocal.es\/en\/wp-json\/wp\/v2\/media?parent=14684"}],"wp:term":[{"taxonomy":"category","embeddable":true,"href":"https:\/\/informacionlocal.es\/en\/wp-json\/wp\/v2\/categories?post=14684"},{"taxonomy":"post_tag","embeddable":true,"href":"https:\/\/informacionlocal.es\/en\/wp-json\/wp\/v2\/tags?post=14684"}],"curies":[{"name":"wp","href":"https:\/\/api.w.org\/{rel}","templated":true}]}}