{"id":14672,"date":"2025-11-27T21:58:40","date_gmt":"2025-11-27T21:58:40","guid":{"rendered":"https:\/\/informacionlocal.es\/puerto-del-rosario-se-viste-de-navidad\/"},"modified":"2025-11-27T21:58:40","modified_gmt":"2025-11-27T21:58:40","slug":"puerto-del-rosario-se-viste-de-navidad","status":"publish","type":"post","link":"https:\/\/informacionlocal.es\/en\/puerto-del-rosario-se-viste-de-navidad\/","title":{"rendered":"Puerto del Rosario se viste de Navidad"},"content":{"rendered":"<div class=\"entry-content\">\n<div class=\"xdj266r x14z9mp xat24cr x1lziwak x1vvkbs x126k92a\">\n<div dir=\"auto\">El ayuntamiento de Puerto del Rosario, a trav\u00e9s de la concejal\u00eda de Parques y Zonas verdes, da inicio a la colocaci\u00f3n de las tradicionales flores de pascua, preparando y embelleciendo nuestros jardines, para dar la bienvenida a la Navidad.<\/div>\n<\/div>\n<div class=\"x14z9mp xat24cr x1lziwak x1vvkbs xtlvy1s x126k92a\">\n<div dir=\"auto\">Esta actuaci\u00f3n, junto con los adornos navide\u00f1os e iluminaci\u00f3n, que se distribuye en diferentes puntos del municipio, contribuye a crear un ambiente festivo acorde con esta \u00e9poca del a\u00f1o.<\/div>\n<\/div>\n<\/div>\n","protected":false},"excerpt":{"rendered":"<p>El ayuntamiento de Puerto del Rosario, a trav\u00e9s de la concejal\u00eda de Parques y Zonas verdes, da inicio a la colocaci\u00f3n de las tradicionales flores de pascua, preparando y embelleciendo [&hellip;]<\/p>\n","protected":false},"author":1,"featured_media":14674,"comment_status":"open","ping_status":"open","sticky":false,"template":"","format":"standard","meta":{"inline_featured_image":false,"jnews-multi-image_gallery":[],"jnews_single_post":[],"jnews_primary_category":[],"jnews_social_meta":[],"jnews_override_counter":[],"jnews_post_split":[],"footnotes":""},"categories":[61],"tags":[],"class_list":["post-14672","post","type-post","status-publish","format-standard","has-post-thumbnail","hentry","category-puerto-del-rosario"],"jetpack_featured_media_url":"https:\/\/informacionlocal.es\/wp-content\/uploads\/2025\/11\/navidad-25-pascua-ayto.jpg","_links":{"self":[{"href":"https:\/\/informacionlocal.es\/en\/wp-json\/wp\/v2\/posts\/14672","targetHints":{"allow":["GET"]}}],"collection":[{"href":"https:\/\/informacionlocal.es\/en\/wp-json\/wp\/v2\/posts"}],"about":[{"href":"https:\/\/informacionlocal.es\/en\/wp-json\/wp\/v2\/types\/post"}],"author":[{"embeddable":true,"href":"https:\/\/informacionlocal.es\/en\/wp-json\/wp\/v2\/users\/1"}],"replies":[{"embeddable":true,"href":"https:\/\/informacionlocal.es\/en\/wp-json\/wp\/v2\/comments?post=14672"}],"version-history":[{"count":0,"href":"https:\/\/informacionlocal.es\/en\/wp-json\/wp\/v2\/posts\/14672\/revisions"}],"wp:featuredmedia":[{"embeddable":true,"href":"https:\/\/informacionlocal.es\/en\/wp-json\/wp\/v2\/media\/14674"}],"wp:attachment":[{"href":"https:\/\/informacionlocal.es\/en\/wp-json\/wp\/v2\/media?parent=14672"}],"wp:term":[{"taxonomy":"category","embeddable":true,"href":"https:\/\/informacionlocal.es\/en\/wp-json\/wp\/v2\/categories?post=14672"},{"taxonomy":"post_tag","embeddable":true,"href":"https:\/\/informacionlocal.es\/en\/wp-json\/wp\/v2\/tags?post=14672"}],"curies":[{"name":"wp","href":"https:\/\/api.w.org\/{rel}","templated":true}]}}