{"id":14666,"date":"2025-11-27T18:58:29","date_gmt":"2025-11-27T18:58:29","guid":{"rendered":"https:\/\/informacionlocal.es\/los-desayunos-tecnologicos-informan-sobre-oportunidades-de-financiacion-para-pymes-autonomos-y-emprendedores\/"},"modified":"2025-11-27T18:58:29","modified_gmt":"2025-11-27T18:58:29","slug":"los-desayunos-tecnologicos-informan-sobre-oportunidades-de-financiacion-para-pymes-autonomos-y-emprendedores","status":"publish","type":"post","link":"https:\/\/informacionlocal.es\/en\/los-desayunos-tecnologicos-informan-sobre-oportunidades-de-financiacion-para-pymes-autonomos-y-emprendedores\/","title":{"rendered":"Los Desayunos Tecnol\u00f3gicos informan sobre oportunidades de financiaci\u00f3n para pymes, aut\u00f3nomos y emprendedores"},"content":{"rendered":"<div class=\"entry-content\"><strong>27 noviembre, 2025<\/strong><\/p>\n<p><em><strong>Durante la sesi\u00f3n, se dieron a conocer herramientas y recursos p\u00fablicos y privados para fortalecer sus proyectos<\/strong><\/em><\/p>\n<p>El Cabildo de Fuerteventura, a trav\u00e9s del \u00c1rea de Nuevas Tecnolog\u00edas, celebr\u00f3 una nueva edici\u00f3n de los Desayunos Tecnol\u00f3gicos, un encuentro que reuni\u00f3 a emprendedores, pymes y profesionales bajo el lema \u201cOportunidades de Financiaci\u00f3n para mi Empresa\u201d.<\/p>\n<p>La jornada ofreci\u00f3 informaci\u00f3n pr\u00e1ctica y accesible sobre financiaci\u00f3n p\u00fablica y privada, as\u00ed como ejemplos reales de empresas locales que han logrado impulsar sus proyectos gracias a distintas v\u00edas de apoyo econ\u00f3mico.<\/p>\n<p>La consejera de Nuevas Tecnolog\u00edas, Carmen Alonso, ha subrayado el acceso a financiaci\u00f3n \u201ccomo aspecto clave para innovar, crecer y adaptarse a los restos actuales\u201d. \u201cPor este motivo, queremos acercar informaci\u00f3n \u00fatil y ejemplos reales que puedan marcar la diferencia e inspirar iniciativas locales\u201d.<\/p>\n<p>El encuentro cont\u00f3 con la intervenci\u00f3n de Amanda Chac\u00f3n, t\u00e9cnica del CIDE de la C\u00e1mara de Comercio, quien ofreci\u00f3 una amplia panor\u00e1mica de las ayudas p\u00fablicas disponibles para pymes y emprendedores de la isla. Seg\u00fan Chac\u00f3n, \u201ces importante que empresas, aut\u00f3nomos y personas emprendedoras conozcan qu\u00e9 l\u00edneas de financiaci\u00f3n existen, tanto p\u00fablicas como privadas, para que los proyectos crezcan\u201d. \u201cSon instrumentos poco conocidos, por lo que desde la C\u00e1mara de Comercios nos hemos propuesto dar visibilidad a todas estas l\u00edneas de financiaci\u00f3n y que las empresas los conozcan\u201d.<\/p>\n<p>Asimismo, Diego Ascanio, consultor financiero y empresarial, explic\u00f3 las v\u00edas de financiaci\u00f3n privada que pueden complementar los recursos p\u00fablicos.<\/p>\n<p>La sesi\u00f3n incluy\u00f3 tambi\u00e9n testimonios de empresas majoreras que compartieron su experiencia para animar a otros emprendedores a explorar nuevas formas de financiaci\u00f3n y avanzar en el desarrollo de sus proyectos.<\/p>\n<\/div>\n","protected":false},"excerpt":{"rendered":"<p>27 noviembre, 2025 Durante la sesi\u00f3n, se dieron a conocer herramientas y recursos p\u00fablicos y privados para fortalecer sus proyectos El Cabildo de Fuerteventura, a trav\u00e9s del \u00c1rea de Nuevas [&hellip;]<\/p>\n","protected":false},"author":1,"featured_media":14668,"comment_status":"open","ping_status":"open","sticky":false,"template":"","format":"standard","meta":{"inline_featured_image":false,"jnews-multi-image_gallery":[],"jnews_single_post":[],"jnews_primary_category":[],"jnews_social_meta":[],"jnews_override_counter":[],"jnews_post_split":[],"footnotes":""},"categories":[58],"tags":[82],"class_list":["post-14666","post","type-post","status-publish","format-standard","has-post-thumbnail","hentry","category-cabildo","tag-fuerteventura"],"jetpack_featured_media_url":"https:\/\/informacionlocal.es\/wp-content\/uploads\/2025\/11\/1764241458-1a108963febce23c90a6bdb82935c3c9.jpg","_links":{"self":[{"href":"https:\/\/informacionlocal.es\/en\/wp-json\/wp\/v2\/posts\/14666","targetHints":{"allow":["GET"]}}],"collection":[{"href":"https:\/\/informacionlocal.es\/en\/wp-json\/wp\/v2\/posts"}],"about":[{"href":"https:\/\/informacionlocal.es\/en\/wp-json\/wp\/v2\/types\/post"}],"author":[{"embeddable":true,"href":"https:\/\/informacionlocal.es\/en\/wp-json\/wp\/v2\/users\/1"}],"replies":[{"embeddable":true,"href":"https:\/\/informacionlocal.es\/en\/wp-json\/wp\/v2\/comments?post=14666"}],"version-history":[{"count":0,"href":"https:\/\/informacionlocal.es\/en\/wp-json\/wp\/v2\/posts\/14666\/revisions"}],"wp:featuredmedia":[{"embeddable":true,"href":"https:\/\/informacionlocal.es\/en\/wp-json\/wp\/v2\/media\/14668"}],"wp:attachment":[{"href":"https:\/\/informacionlocal.es\/en\/wp-json\/wp\/v2\/media?parent=14666"}],"wp:term":[{"taxonomy":"category","embeddable":true,"href":"https:\/\/informacionlocal.es\/en\/wp-json\/wp\/v2\/categories?post=14666"},{"taxonomy":"post_tag","embeddable":true,"href":"https:\/\/informacionlocal.es\/en\/wp-json\/wp\/v2\/tags?post=14666"}],"curies":[{"name":"wp","href":"https:\/\/api.w.org\/{rel}","templated":true}]}}