{"id":14653,"date":"2025-11-27T16:58:29","date_gmt":"2025-11-27T16:58:29","guid":{"rendered":"https:\/\/informacionlocal.es\/el-cabildo-de-fuerteventura-imparte-un-taller-online-sobre-eventos-sostenibles\/"},"modified":"2025-11-27T16:58:29","modified_gmt":"2025-11-27T16:58:29","slug":"el-cabildo-de-fuerteventura-imparte-un-taller-online-sobre-eventos-sostenibles","status":"publish","type":"post","link":"https:\/\/informacionlocal.es\/en\/el-cabildo-de-fuerteventura-imparte-un-taller-online-sobre-eventos-sostenibles\/","title":{"rendered":"El Cabildo de Fuerteventura imparte un taller online sobre eventos sostenibles"},"content":{"rendered":"<div class=\"entry-content\"><strong>27 noviembre, 2025<\/strong><\/p>\n<p><strong><em>La iniciativa brinda recursos pr\u00e1cticos para organizar eventos que<br \/>\nrespeten en entorno natural majorero<\/em><\/strong><\/p>\n<p>El Cabildo de Fuerteventura, a trav\u00e9s del \u00e1rea de Medio Ambiente,<br \/>\npone en marcha el taller online \u201cOrganizaci\u00f3n de Eventos Deportivos y<br \/>\nCulturales en Espacios Naturales Protegidos de Fuerteventura\u201d, dentro del programa<br \/>\nde conferencias, jornadas y cursos medioambientales de la Consejer\u00eda de Medio<br \/>\nAmbiente para este 2025. <\/p>\n<p>La iniciativa busca ofrecer herramientas actualizadas a<br \/>\nprofesionales y colectivos que organizan actividades deportivas y culturales,<br \/>\ngarantizando que su celebraci\u00f3n resulte respetuosa con los valores ambientales<br \/>\ndel territorio.<\/p>\n<p>El taller, que se impartir\u00e1 el 2 de diciembre de 16.00 a 18.00<br \/>\nhoras, combinar\u00e1 sesiones te\u00f3ricas con contenidos pr\u00e1cticos. La propuesta<br \/>\nabarca desde la comprensi\u00f3n de marco regulador de los espacios protegidos hasta<br \/>\nla planificaci\u00f3n t\u00e9cnica de un evento.<\/p>\n<p>El consejero de Medio Ambiente, Carlos Rodr\u00edguez, se\u00f1ala que \u201ccada<br \/>\nevento que se celebre en Fuerteventura debe ser un ejemplo de respeto al<br \/>\nentorno. Con esta formaci\u00f3n se adquirir\u00e1n las claves necesarias para organizar<br \/>\nactividades que sean compatibles con los espacios protegidos majoreros\u201d.<\/p>\n<p>De esta forma, el taller permitir\u00e1 explorar nuevas formas de<br \/>\nplanificar eventos, combinando eficiencia, creatividad y respeto por el entorno.<br \/>\nhttps:\/\/cama2025.eventosendirecto.es\/talleronline2025#tatsu-section-cjw6FAgSUxjm<\/p>\n<\/div>\n","protected":false},"excerpt":{"rendered":"<p>27 noviembre, 2025 La iniciativa brinda recursos pr\u00e1cticos para organizar eventos que respeten en entorno natural majorero El Cabildo de Fuerteventura, a trav\u00e9s del \u00e1rea de Medio Ambiente, pone en [&hellip;]<\/p>\n","protected":false},"author":1,"featured_media":14656,"comment_status":"open","ping_status":"open","sticky":false,"template":"","format":"standard","meta":{"inline_featured_image":false,"jnews-multi-image_gallery":[],"jnews_single_post":[],"jnews_primary_category":[],"jnews_social_meta":[],"jnews_override_counter":[],"jnews_post_split":[],"footnotes":""},"categories":[58],"tags":[69,82,76],"class_list":["post-14653","post","type-post","status-publish","format-standard","has-post-thumbnail","hentry","category-cabildo","tag-eventos","tag-fuerteventura","tag-medio-ambiente"],"jetpack_featured_media_url":"https:\/\/informacionlocal.es\/wp-content\/uploads\/2025\/11\/jornadas-medio-ambiente.jpeg","_links":{"self":[{"href":"https:\/\/informacionlocal.es\/en\/wp-json\/wp\/v2\/posts\/14653","targetHints":{"allow":["GET"]}}],"collection":[{"href":"https:\/\/informacionlocal.es\/en\/wp-json\/wp\/v2\/posts"}],"about":[{"href":"https:\/\/informacionlocal.es\/en\/wp-json\/wp\/v2\/types\/post"}],"author":[{"embeddable":true,"href":"https:\/\/informacionlocal.es\/en\/wp-json\/wp\/v2\/users\/1"}],"replies":[{"embeddable":true,"href":"https:\/\/informacionlocal.es\/en\/wp-json\/wp\/v2\/comments?post=14653"}],"version-history":[{"count":0,"href":"https:\/\/informacionlocal.es\/en\/wp-json\/wp\/v2\/posts\/14653\/revisions"}],"wp:featuredmedia":[{"embeddable":true,"href":"https:\/\/informacionlocal.es\/en\/wp-json\/wp\/v2\/media\/14656"}],"wp:attachment":[{"href":"https:\/\/informacionlocal.es\/en\/wp-json\/wp\/v2\/media?parent=14653"}],"wp:term":[{"taxonomy":"category","embeddable":true,"href":"https:\/\/informacionlocal.es\/en\/wp-json\/wp\/v2\/categories?post=14653"},{"taxonomy":"post_tag","embeddable":true,"href":"https:\/\/informacionlocal.es\/en\/wp-json\/wp\/v2\/tags?post=14653"}],"curies":[{"name":"wp","href":"https:\/\/api.w.org\/{rel}","templated":true}]}}