{"id":14625,"date":"2025-11-27T12:58:26","date_gmt":"2025-11-27T12:58:26","guid":{"rendered":"https:\/\/informacionlocal.es\/la-oliva-cede-suelo-a-la-consejeria-de-educacion-del-gobierno-de-canarias-para-la-construccion-de-un-tercer-instituto-en-el-municipio\/"},"modified":"2025-11-27T12:58:26","modified_gmt":"2025-11-27T12:58:26","slug":"la-oliva-cede-suelo-a-la-consejeria-de-educacion-del-gobierno-de-canarias-para-la-construccion-de-un-tercer-instituto-en-el-municipio","status":"publish","type":"post","link":"https:\/\/informacionlocal.es\/en\/la-oliva-cede-suelo-a-la-consejeria-de-educacion-del-gobierno-de-canarias-para-la-construccion-de-un-tercer-instituto-en-el-municipio\/","title":{"rendered":"La Oliva cede suelo a la Consejer\u00eda de Educaci\u00f3n del Gobierno de Canarias para la construcci\u00f3n de un tercer instituto en el municipio"},"content":{"rendered":"<p>El Ayuntamiento de La Oliva cede suelo municipal a la Consejer\u00eda de Educaci\u00f3n del Gobierno de Canarias, para la construcci\u00f3n del tercer centro de ense\u00f1anza secundaria en el municipio. As\u00ed pues, se llev\u00f3 durante la ma\u00f1ana de hoy, al pleno ordinario de noviembre, la cesi\u00f3n de una parcela de alrededor de unos 20.000 metros cuadrados edificables para la creaci\u00f3n de un instituto de ense\u00f1anza secundaria que complemente la oferta educativa en la zona norte.<\/p>\n<p>A esta acci\u00f3n se suma el suelo cedido en El Cotillo, una parcela que ya se ha puesto a disposici\u00f3n de la Consejer\u00eda de Educaci\u00f3n del Gobierno de Canarias con anterioridad para la construcci\u00f3n de un centro de educaci\u00f3n infantil y primaria respondiendo, de este modo, a las demandas de la poblaci\u00f3n de la localidad costera.<\/p>\n<p>El alcalde de La Oliva, Isa\u00ed Blanco, manifiesta la necesidad de la creaci\u00f3n de ambos centros educativos en la zona: \u201cA trav\u00e9s de esta cesi\u00f3n trabajamos con la mirada puesta en el futuro cercano para la construcci\u00f3n de un segundo instituto en Corralejo, el mayor n\u00facleo poblacional del municipio, consiguiendo el tercer centro de ense\u00f1anza secundaria en La Oliva. Adem\u00e1s, sumamos a esta actuaci\u00f3n la cesi\u00f3n ya realizada de la parcela de El Cotillo buscando materializar la mejora de nuestra oferta educativa en infantil, primaria y secundaria.\u201d<\/p>\n<p>Por su parte, la concejala de Educaci\u00f3n, Omaira Saavedra, explica: \u201cCon esta acci\u00f3n damos un paso m\u00e1s para responder a la nueva realidad poblacional a la que hace frente nuestro municipio. Desde nuestro \u00e1mbito de competencia, cedemos ambos suelos para que la Consejer\u00eda de Educaci\u00f3n de la Comunidad Aut\u00f3noma sea quien ejecute la construcci\u00f3n de estos dos nuevos centros educativos\u201d.<\/p>\n<p>El primer teniente alcalde, Julio Santana, se\u00f1ala adem\u00e1s: \u201cEsta actuaci\u00f3n permite adelantarnos a un crecimiento todav\u00eda mayor de la poblaci\u00f3n y asegurar la calidad de la educaci\u00f3n ofertada desde infantil a secundaria para todos los estudiantes del municipio.\u201d<\/p>\n<p>\u201cInstamos a la Consejer\u00eda que realice los tr\u00e1mites pertinentes que permitan la ejecuci\u00f3n de ambos centros y que, as\u00ed estas nuevas instalaciones educativas sean una realidad lo antes posible\u201d, declara Saavedra.<\/p>\n","protected":false},"excerpt":{"rendered":"<p><span>El Consistorio lleva al pleno de noviembre la cesi\u00f3n de una parcela de alrededor 20.000 metros cuadrados edificables ubicado en la zona de Geafond en Corralejo, para responder al aumento poblacional del municipio en los \u00faltimos a\u00f1os<\/span><\/p>\n","protected":false},"author":1,"featured_media":14627,"comment_status":"open","ping_status":"open","sticky":false,"template":"","format":"standard","meta":{"inline_featured_image":false,"jnews-multi-image_gallery":[],"jnews_single_post":[],"jnews_primary_category":[],"jnews_social_meta":[],"jnews_override_counter":[],"jnews_post_split":[],"footnotes":""},"categories":[62],"tags":[73],"class_list":["post-14625","post","type-post","status-publish","format-standard","has-post-thumbnail","hentry","category-la-oliva","tag-educacion"],"jetpack_featured_media_url":"https:\/\/informacionlocal.es\/wp-content\/uploads\/2025\/11\/5276_a03158b7.png","_links":{"self":[{"href":"https:\/\/informacionlocal.es\/en\/wp-json\/wp\/v2\/posts\/14625","targetHints":{"allow":["GET"]}}],"collection":[{"href":"https:\/\/informacionlocal.es\/en\/wp-json\/wp\/v2\/posts"}],"about":[{"href":"https:\/\/informacionlocal.es\/en\/wp-json\/wp\/v2\/types\/post"}],"author":[{"embeddable":true,"href":"https:\/\/informacionlocal.es\/en\/wp-json\/wp\/v2\/users\/1"}],"replies":[{"embeddable":true,"href":"https:\/\/informacionlocal.es\/en\/wp-json\/wp\/v2\/comments?post=14625"}],"version-history":[{"count":0,"href":"https:\/\/informacionlocal.es\/en\/wp-json\/wp\/v2\/posts\/14625\/revisions"}],"wp:featuredmedia":[{"embeddable":true,"href":"https:\/\/informacionlocal.es\/en\/wp-json\/wp\/v2\/media\/14627"}],"wp:attachment":[{"href":"https:\/\/informacionlocal.es\/en\/wp-json\/wp\/v2\/media?parent=14625"}],"wp:term":[{"taxonomy":"category","embeddable":true,"href":"https:\/\/informacionlocal.es\/en\/wp-json\/wp\/v2\/categories?post=14625"},{"taxonomy":"post_tag","embeddable":true,"href":"https:\/\/informacionlocal.es\/en\/wp-json\/wp\/v2\/tags?post=14625"}],"curies":[{"name":"wp","href":"https:\/\/api.w.org\/{rel}","templated":true}]}}