{"id":14589,"date":"2025-11-26T18:58:44","date_gmt":"2025-11-26T18:58:44","guid":{"rendered":"https:\/\/informacionlocal.es\/cabildo-y-fulp-amplian-las-plazas-en-la-presente-edicion-del-programa-de-formacion-dual-inserta\/"},"modified":"2025-11-26T18:58:44","modified_gmt":"2025-11-26T18:58:44","slug":"cabildo-y-fulp-amplian-las-plazas-en-la-presente-edicion-del-programa-de-formacion-dual-inserta","status":"publish","type":"post","link":"https:\/\/informacionlocal.es\/en\/cabildo-y-fulp-amplian-las-plazas-en-la-presente-edicion-del-programa-de-formacion-dual-inserta\/","title":{"rendered":"Cabildo y FULP ampl\u00edan las plazas en la presente edici\u00f3n del Programa de Formaci\u00f3n Dual Inserta"},"content":{"rendered":"<div class=\"entry-content\"><strong>26 noviembre, 2025<\/strong><\/p>\n<p><em><strong>La iniciativa ofrecer\u00e1 estancias pr\u00e1cticas y formaci\u00f3n te\u00f3rica a 25 beneficiarios<\/strong><\/em><\/p>\n<p>El Cabildo de Fuerteventura y la Fundaci\u00f3n Universitaria de Las<br \/>\nPalmas (FULP) lanzan una nueva edici\u00f3n del Programa de Formaci\u00f3n Dual Inserta,<br \/>\nampliando el n\u00famero de plazas disponibles con respecto a ediciones anteriores.<br \/>\nSe trata de un programa destinado a egresados universitarios y de formaci\u00f3n<br \/>\nprofesional residente en la isla, con el objetivo de mejorar su empleabilidad.<\/p>\n<p>Tanto la presidenta del Cabildo, Lola Garc\u00eda, como la consejera de<br \/>\nFomento del Empleo, Nuria Cabrera, ponen en valor un programa de \u00e9xito entre<br \/>\nlos j\u00f3venes, ya que les permite poner en pr\u00e1ctica su formaci\u00f3n y mejorar su<br \/>\nempleabilidad, facilitando su incorporaci\u00f3n al mercado laboral.<\/p>\n<p>Este programa, financiado por el Cabildo y los fondos FDCAN,<br \/>\ntendr\u00e1 una duraci\u00f3n de 10 meses.<\/p>\n<p>La iniciativa facilita el acceso al mercado laboral mediante<br \/>\nestancias pr\u00e1cticas no laborales en empresas, entidades o con profesionales<br \/>\naut\u00f3nomos, complementadas con formaci\u00f3n te\u00f3rica en competencias para la<br \/>\nempleabilidad, idiomas, competencias digitales y transversales.<\/p>\n<p>En esta nueva edici\u00f3n, el n\u00famero de beneficiarios se amplia a 25,<br \/>\nfrente a los 14 de la edici\u00f3n anterior. De ellos, 7 contar\u00e1n con titulaci\u00f3n<br \/>\nuniversitaria y 18 con formaci\u00f3n profesional. Los beneficiarios recibir\u00e1n una<br \/>\nayuda econ\u00f3mica de 950 euros, en el caso de los titulados universitarios, y de<br \/>\n850 euros para los de formaci\u00f3n profesional, incluyendo cotizaciones a la<br \/>\nSeguridad Social.<\/p>\n<p>El plazo de inscripci\u00f3n est\u00e1 abierto hasta el 31 de diciembre de<br \/>\n2025. Las inscripciones para las empresas interesadas se realizar\u00e1n a trav\u00e9s<br \/>\ndel enlace https:\/\/www.fulp.es\/programa-inserta-fuerteventura-empresas. <\/p>\n<p>Para los alumnos egresados ser\u00e1 a trav\u00e9s de https:\/\/www.fulp.es\/programa-inserta-fuerteventura,<br \/>\nteniendo como prioridad las personas menores de 30 a\u00f1os y a aquellos que no<br \/>\nhayan superado los dos a\u00f1os desde la obtenci\u00f3n de su t\u00edtulo acad\u00e9mico.<\/p>\n<\/div>\n","protected":false},"excerpt":{"rendered":"<p>26 noviembre, 2025 La iniciativa ofrecer\u00e1 estancias pr\u00e1cticas y formaci\u00f3n te\u00f3rica a 25 beneficiarios El Cabildo de Fuerteventura y la Fundaci\u00f3n Universitaria de Las Palmas (FULP) lanzan una nueva edici\u00f3n [&hellip;]<\/p>\n","protected":false},"author":1,"featured_media":14591,"comment_status":"open","ping_status":"open","sticky":false,"template":"","format":"standard","meta":{"inline_featured_image":false,"jnews-multi-image_gallery":[],"jnews_single_post":[],"jnews_primary_category":[],"jnews_social_meta":[],"jnews_override_counter":[],"jnews_post_split":[],"footnotes":""},"categories":[58],"tags":[82],"class_list":["post-14589","post","type-post","status-publish","format-standard","has-post-thumbnail","hentry","category-cabildo","tag-fuerteventura"],"jetpack_featured_media_url":"https:\/\/informacionlocal.es\/wp-content\/uploads\/2025\/11\/programa-de-formacic3b3n-dual-inserta.jpeg","_links":{"self":[{"href":"https:\/\/informacionlocal.es\/en\/wp-json\/wp\/v2\/posts\/14589","targetHints":{"allow":["GET"]}}],"collection":[{"href":"https:\/\/informacionlocal.es\/en\/wp-json\/wp\/v2\/posts"}],"about":[{"href":"https:\/\/informacionlocal.es\/en\/wp-json\/wp\/v2\/types\/post"}],"author":[{"embeddable":true,"href":"https:\/\/informacionlocal.es\/en\/wp-json\/wp\/v2\/users\/1"}],"replies":[{"embeddable":true,"href":"https:\/\/informacionlocal.es\/en\/wp-json\/wp\/v2\/comments?post=14589"}],"version-history":[{"count":0,"href":"https:\/\/informacionlocal.es\/en\/wp-json\/wp\/v2\/posts\/14589\/revisions"}],"wp:featuredmedia":[{"embeddable":true,"href":"https:\/\/informacionlocal.es\/en\/wp-json\/wp\/v2\/media\/14591"}],"wp:attachment":[{"href":"https:\/\/informacionlocal.es\/en\/wp-json\/wp\/v2\/media?parent=14589"}],"wp:term":[{"taxonomy":"category","embeddable":true,"href":"https:\/\/informacionlocal.es\/en\/wp-json\/wp\/v2\/categories?post=14589"},{"taxonomy":"post_tag","embeddable":true,"href":"https:\/\/informacionlocal.es\/en\/wp-json\/wp\/v2\/tags?post=14589"}],"curies":[{"name":"wp","href":"https:\/\/api.w.org\/{rel}","templated":true}]}}