{"id":14577,"date":"2025-11-26T16:58:47","date_gmt":"2025-11-26T16:58:47","guid":{"rendered":"https:\/\/informacionlocal.es\/el-espacio-de-las-artes-pepe-damaso-acoge-el-encuentro-pajara-en-la-obra-de-unamuno\/"},"modified":"2025-11-26T16:58:47","modified_gmt":"2025-11-26T16:58:47","slug":"el-espacio-de-las-artes-pepe-damaso-acoge-el-encuentro-pajara-en-la-obra-de-unamuno","status":"publish","type":"post","link":"https:\/\/informacionlocal.es\/en\/el-espacio-de-las-artes-pepe-damaso-acoge-el-encuentro-pajara-en-la-obra-de-unamuno\/","title":{"rendered":"El Espacio de las Artes Pepe D\u00e1maso acoge el encuentro \u2018P\u00e1jara en la obra de Unamuno\u2019"},"content":{"rendered":"<div class=\"entry-content\">\n<p><b><i>El evento se desarrollar\u00e1 ma\u00f1ana jueves, 27 de noviembre, a las 19:00 horas, con el objetivo de crear espacios de di\u00e1logo entre literatura, historia y paisaje<\/i><\/b><\/p>\n<p><span>El Ayuntamiento de P\u00e1jara, a trav\u00e9s de la Concejal\u00eda de Cultura, organiza el encuentro \u2018P\u00e1jara en la obra de Unamuno\u2019, que une investigaci\u00f3n, imagen y poes\u00eda. El evento se desarrollar\u00e1 ma\u00f1ana jueves, 27 de noviembre, a las 19:00 horas, con el objetivo de crear espacios de di\u00e1logo entre literatura, historia y paisaje.<\/span><\/p>\n<p><span>El responsable del \u00c1rea, Jos\u00e9 D\u00edaz, invita a la poblaci\u00f3n a participar y asistir a este acto que pone en valor la figura de Miguel de Unamuno y su relevancia en Canarias. \u201cSe trata de una gran oportunidad para conocer, a trav\u00e9s de la l\u00edrica y lo visual, la relevancia de este escritor y fil\u00f3sofo espa\u00f1ol\u201d, se\u00f1ala.\u00a0<\/span><\/p>\n<p><span>Por su parte, el alcalde, Alejandro Jorge, subraya que este tipo de actos son necesarios para fomentar y crear entre la poblaci\u00f3n espacios de di\u00e1logo entre literatura, historia y paisaje. \u201cP\u00e1jara es cultura, es tradici\u00f3n y ofrece experiencias \u00fanicas y din\u00e1micas\u201d, asegura.\u00a0<\/span><\/p>\n<p><span>La sesi\u00f3n comenzar\u00e1 con una charla ilustrada a cargo del docente Domingo Fuentes Curbelo, quien realizar\u00e1 una lectura contextualizada sobre Unamuno y el paisaje de las islas. Asimismo, se proyectar\u00e1n varias im\u00e1genes que acompa\u00f1ar\u00e1n al relato en la conferencia.\u00a0<\/span><\/p>\n<p><span>Durante la inauguraci\u00f3n del encuentro, el poeta Figu Garc\u00eda presentar\u00e1 un recital basado en su nueva obra <\/span><i><span>Prendas \u00edntimas<\/span><\/i><span>, que combina lo privado con lo universal a trav\u00e9s de textos, im\u00e1genes y m\u00fasica.\u00a0<\/span><\/p>\n<\/div>\n","protected":false},"excerpt":{"rendered":"<p><i>El evento se desarrollar\u00e1 ma\u00f1ana jueves, 27 de noviembre, a las 19:00 horas, con el objetivo de crear espacios de di\u00e1logo entre literatura, historia y paisaje<\/i><\/p>\n","protected":false},"author":1,"featured_media":14579,"comment_status":"open","ping_status":"open","sticky":false,"template":"","format":"standard","meta":{"inline_featured_image":false,"jnews-multi-image_gallery":[],"jnews_single_post":[],"jnews_primary_category":[],"jnews_social_meta":[],"jnews_override_counter":[],"jnews_post_split":[],"footnotes":""},"categories":[63],"tags":[],"class_list":["post-14577","post","type-post","status-publish","format-standard","has-post-thumbnail","hentry","category-pajara"],"jetpack_featured_media_url":"https:\/\/informacionlocal.es\/wp-content\/uploads\/2025\/11\/imagen-de-whatsapp-2025-11-26-a-las-11-14-31_29ab35e8.jpg","_links":{"self":[{"href":"https:\/\/informacionlocal.es\/en\/wp-json\/wp\/v2\/posts\/14577","targetHints":{"allow":["GET"]}}],"collection":[{"href":"https:\/\/informacionlocal.es\/en\/wp-json\/wp\/v2\/posts"}],"about":[{"href":"https:\/\/informacionlocal.es\/en\/wp-json\/wp\/v2\/types\/post"}],"author":[{"embeddable":true,"href":"https:\/\/informacionlocal.es\/en\/wp-json\/wp\/v2\/users\/1"}],"replies":[{"embeddable":true,"href":"https:\/\/informacionlocal.es\/en\/wp-json\/wp\/v2\/comments?post=14577"}],"version-history":[{"count":0,"href":"https:\/\/informacionlocal.es\/en\/wp-json\/wp\/v2\/posts\/14577\/revisions"}],"wp:featuredmedia":[{"embeddable":true,"href":"https:\/\/informacionlocal.es\/en\/wp-json\/wp\/v2\/media\/14579"}],"wp:attachment":[{"href":"https:\/\/informacionlocal.es\/en\/wp-json\/wp\/v2\/media?parent=14577"}],"wp:term":[{"taxonomy":"category","embeddable":true,"href":"https:\/\/informacionlocal.es\/en\/wp-json\/wp\/v2\/categories?post=14577"},{"taxonomy":"post_tag","embeddable":true,"href":"https:\/\/informacionlocal.es\/en\/wp-json\/wp\/v2\/tags?post=14577"}],"curies":[{"name":"wp","href":"https:\/\/api.w.org\/{rel}","templated":true}]}}