{"id":14571,"date":"2025-11-26T15:58:34","date_gmt":"2025-11-26T15:58:34","guid":{"rendered":"https:\/\/informacionlocal.es\/el-festival-cinedfest-regresa-a-los-centros-educativos-majoreros-gracias-a-fuerteventura-film-commission\/"},"modified":"2025-11-26T15:58:34","modified_gmt":"2025-11-26T15:58:34","slug":"el-festival-cinedfest-regresa-a-los-centros-educativos-majoreros-gracias-a-fuerteventura-film-commission","status":"publish","type":"post","link":"https:\/\/informacionlocal.es\/en\/el-festival-cinedfest-regresa-a-los-centros-educativos-majoreros-gracias-a-fuerteventura-film-commission\/","title":{"rendered":"El Festival Cinedfest regresa a los centros educativos majoreros gracias a Fuerteventura Film Commission"},"content":{"rendered":"<div class=\"entry-content\"><strong>26 noviembre, 2025<\/strong><\/p>\n<p><em><strong>La convocatoria para participar en la 13\u00ba edici\u00f3n del festival est\u00e1 abierta hasta marzo de 2026<\/strong><\/em><\/p>\n<p>El festival de cine educativo Cinedfest vuelve a la Isla por quinto a\u00f1o consecutivo, gracias a Fuerteventura Film Commission, que reafirma un a\u00f1o m\u00e1s su apoyo al talento joven y la formaci\u00f3n audiovisual mediante esta colaboraci\u00f3n.<\/p>\n<p>Un total de trece centros se han sumado ya a esta iniciativa en el presente curso escolar, uno m\u00e1s que en la edici\u00f3n anterior, y el plazo para inscribirse contin\u00faa abierto hasta marzo de 2026 en la p\u00e1gina web del festival:\u00a0https:\/\/cinedfest.com\/index.php\/inscripcion<\/p>\n<p>Cinedfest se consolida como una iniciativa educativa innovadora dirigida a alumnado de todas las etapas y modalidades formativas: Infantil, Primaria, Secundaria, Bachillerato, FP, CEPA, EOI, EASD, aulas enclave, asociaciones de personas con discapacidad, universidades y escuelas de cine.<\/p>\n<p>El proyecto combina formaci\u00f3n audiovisual especializada con un festival de cortometrajes de ficci\u00f3n y documentales creados por los propios estudiantes, fomentando as\u00ed la alfabetizaci\u00f3n audiovisual y el uso del cine como herramienta did\u00e1ctica en los centros educativos.<\/p>\n<p>Los estudiantes reciben formaci\u00f3n b\u00e1sica previa por parte de profesionales. Una vez superada esa primera etapa, el alumnado elabora sus piezas audiovisuales, contando con material y equipos necesarios gracias a Fuerteventura Film Commission. Su consejera, Nereida Calero, anima a alumnado y docentes a participar en Cinedfest, \u201cun festival con el que colaboramos por quinto a\u00f1o consecutivo, en nuestro objetivo de acercar el lenguaje audiovisual a la poblaci\u00f3n, en este caso a los estudiantes\u201d.<\/p>\n<p>En la edici\u00f3n n\u00famero 12, fueron galardonados la Escuela de Arte de Fuerteventura, IES La Oliva y CEIP Valles de Ortega.<\/p>\n<\/div>\n","protected":false},"excerpt":{"rendered":"<p>26 noviembre, 2025 La convocatoria para participar en la 13\u00ba edici\u00f3n del festival est\u00e1 abierta hasta marzo de 2026 El festival de cine educativo Cinedfest vuelve a la Isla por [&hellip;]<\/p>\n","protected":false},"author":1,"featured_media":14573,"comment_status":"open","ping_status":"open","sticky":false,"template":"","format":"standard","meta":{"inline_featured_image":false,"jnews-multi-image_gallery":[],"jnews_single_post":[],"jnews_primary_category":[],"jnews_social_meta":[],"jnews_override_counter":[],"jnews_post_split":[],"footnotes":""},"categories":[58],"tags":[82],"class_list":["post-14571","post","type-post","status-publish","format-standard","has-post-thumbnail","hentry","category-cabildo","tag-fuerteventura"],"jetpack_featured_media_url":"https:\/\/informacionlocal.es\/wp-content\/uploads\/2025\/11\/cinedfest-foto-archivo-edicic3b3n-anterior.jpeg","_links":{"self":[{"href":"https:\/\/informacionlocal.es\/en\/wp-json\/wp\/v2\/posts\/14571","targetHints":{"allow":["GET"]}}],"collection":[{"href":"https:\/\/informacionlocal.es\/en\/wp-json\/wp\/v2\/posts"}],"about":[{"href":"https:\/\/informacionlocal.es\/en\/wp-json\/wp\/v2\/types\/post"}],"author":[{"embeddable":true,"href":"https:\/\/informacionlocal.es\/en\/wp-json\/wp\/v2\/users\/1"}],"replies":[{"embeddable":true,"href":"https:\/\/informacionlocal.es\/en\/wp-json\/wp\/v2\/comments?post=14571"}],"version-history":[{"count":0,"href":"https:\/\/informacionlocal.es\/en\/wp-json\/wp\/v2\/posts\/14571\/revisions"}],"wp:featuredmedia":[{"embeddable":true,"href":"https:\/\/informacionlocal.es\/en\/wp-json\/wp\/v2\/media\/14573"}],"wp:attachment":[{"href":"https:\/\/informacionlocal.es\/en\/wp-json\/wp\/v2\/media?parent=14571"}],"wp:term":[{"taxonomy":"category","embeddable":true,"href":"https:\/\/informacionlocal.es\/en\/wp-json\/wp\/v2\/categories?post=14571"},{"taxonomy":"post_tag","embeddable":true,"href":"https:\/\/informacionlocal.es\/en\/wp-json\/wp\/v2\/tags?post=14571"}],"curies":[{"name":"wp","href":"https:\/\/api.w.org\/{rel}","templated":true}]}}