{"id":14529,"date":"2025-11-25T20:58:29","date_gmt":"2025-11-25T20:58:29","guid":{"rendered":"https:\/\/informacionlocal.es\/la-piona-y-maxorata-llevan-la-navidad-y-nuestra-cultura-popular-a-los-pueblos-y-barrios-del-municipio-de-puerto-del-rosario\/"},"modified":"2025-11-25T20:58:29","modified_gmt":"2025-11-25T20:58:29","slug":"la-piona-y-maxorata-llevan-la-navidad-y-nuestra-cultura-popular-a-los-pueblos-y-barrios-del-municipio-de-puerto-del-rosario","status":"publish","type":"post","link":"https:\/\/informacionlocal.es\/en\/la-piona-y-maxorata-llevan-la-navidad-y-nuestra-cultura-popular-a-los-pueblos-y-barrios-del-municipio-de-puerto-del-rosario\/","title":{"rendered":"\u201cLa Pion\u00e1\u201d y \u201cMaxorata\u201d llevan la Navidad y nuestra cultura popular a los pueblos y barrios del municipio de Puerto del Rosario"},"content":{"rendered":"<div class=\"entry-content\">\n<p>Las Agrupaciones Folcl\u00f3ricas \u201cLa Pion\u00e1\u201d y \u201cMaxorata\u201d unen sus voces y tradiciones para deleitar a los vecinos y vecinas del municipio con un amplio programa de actos navide\u00f1os impulsado por la <strong>concejal\u00eda de Participaci\u00f3n Ciudadana y la concejal\u00eda de Pueblos y Barrios.<\/strong> El cancionero popular, los bailes tradicionales y los villancicos navide\u00f1os ser\u00e1n, un a\u00f1o m\u00e1s, los grandes protagonistas de una Parranda Navide\u00f1a que recorrer\u00e1 los diferentes pueblos y barrios del 1 al 20 de diciembre.<\/p>\n<p>Ambas agrupaciones, que cuentan con una amplia trayectoria en el folclore popular majorero, tienen como principal objetivo la defensa y el rescate de la cultura popular, para lo cual trabajan incansablemente desde hace d\u00e9cadas, siempre ataviadas con las vestimentas tradicionales de anta\u00f1o.<\/p>\n<p>Adem\u00e1s de las parrandas navide\u00f1as, las agrupaciones tienen previsto realizar en algunas de sus actuaciones un original Bel\u00e9n Viviente, donde cuidan hasta el \u00faltimo detalle de su representaci\u00f3n con utensilios y aperos de la vida rural majorera.<\/p>\n<p>El <strong>alcalde, David de Vera,<\/strong> ha querido \u201cno solo agradecer el gran esfuerzo que hacen estas agrupaciones por mantener viva la llama de nuestra cultura popular, sino adem\u00e1s aplaudir el esfuerzo que supone llevar la Navidad a las calles y centros culturales de todos nuestros pueblos y barrios\u201d.<\/p>\n<p>Por su parte, la <strong>concejala de Participaci\u00f3n Ciudadana, Jenifer P\u00e9rez<\/strong>, y el <strong>concejal de Pueblos y Barrios, David de Le\u00f3n,<\/strong> que acompa\u00f1ar\u00e1n a las agrupaciones en su recorrido por el municipio, se mostraron con muchas ganas de compartir con los vecinos estas fechas y dieron las gracias de antemano a las Agrupaciones Folcl\u00f3ricas y a todas aquellas asociaciones vecinales que colaboran para que estas actividades navide\u00f1as sean una realidad. Asimismo, destacaron el bonito gesto de aquellos colectivos que, tras los actos, ofrecen un enyesque a los componentes de las agrupaciones y a todos los presentes.<\/p>\n<p>Calendario completo de la Parranda Navide\u00f1a:<\/p>\n<p>La Parranda Navide\u00f1a comenzar\u00e1 el lunes 1 de diciembre con la actuaci\u00f3n de la Agrupaci\u00f3n Folcl\u00f3rica Maxorata:<\/p>\n<p>\u00b7 18:00 h.: Inauguraci\u00f3n y encendido de Navidad en el Centro Cultural de El Matorral<br \/>\n\u00b7 19:30 h.: Recorrido por las calles de Los Llanos de La Mareta<\/p>\n<p>A partir del viernes 5 de diciembre, la Agrupaci\u00f3n Folcl\u00f3rica La Pion\u00e1 continuar\u00e1 el programa con las siguientes actuaciones:<\/p>\n<p>\u00b7 Viernes 5 de Diciembre:<br \/>\n18:00 h. Calles de Tamariche | 19:00 h. Calles de La Matilla | 20:00 h. Plaza de Tetir.<\/p>\n<p>\u00b7 S\u00e1bado 6 de Diciembre:<br \/>\n18:00 h. Plaza de la Molina de La Charca |<br \/>\n19:00 h. Plaza de Barrio<br \/>\nFabelo |<br \/>\n20:00 h. Barriada de Los Pescadores (El Charco)<\/p>\n<p>\u00b7 Domingo 7 de Diciembre:<br \/>\n12:00 h. Centro Cultural de La Ampuyenta |<br \/>\n13:00 h. Centro Cultural de Casillas del \u00c1ngel |<br \/>\n14:30 h. Centro Cultural de El Time.<\/p>\n<p>\u00b7 Martes 9 de Diciembre:<br \/>\n11:00 h. Centro de Mayores | 12:00 h. Residencia de Mayores |<br \/>\n18:00 h. Centro Cultural de Tesjuste |<br \/>\n19:30 h. Calles de Majada Marcial<\/p>\n<p>\u00b7 Viernes 12 de Diciembre:<br \/>\n18:30 h. Centro Cultural de Playa Blanca |<br \/>\n20:00 h. Centro Cultural de Tef\u00eda.<\/p>\n<p>\u00b7 S\u00e1bado 13 de Diciembre:<br \/>\n18:00 h. Pueblo de Los<br \/>\nMolinos |<br \/>\n19:30 h. Centro Cultural de Llanos de La Concepci\u00f3n<br \/>\n\u00b7 Domingo 14 de Diciembre:<br \/>\n12:00 h. Calles de La Hondura|<br \/>\n13:00 h. Hospital General Virgen de La Pe\u00f1a<br \/>\n\u00b7 Viernes 19 de Diciembre:<br \/>\n18:00 h. Centro Cultural de Los Estancos |<br \/>\n19:00 h. Centro Cultural de La Asomada | 20:30 h. Centro Cultural de Las Parcelas<br \/>\n\u00b7 S\u00e1bado 20 de Diciembre:<br \/>\n18:00 h. Calles de las 90 y 91 viviendas |<br \/>\n19:30 h. Centro Cultural de Guisguey |<br \/>\n20:30 h. Centro Cultural de Puerto Lajas<\/p>\n<p>De este modo, la Agrupaci\u00f3n Folcl\u00f3rica \u00abLa Pion\u00e1\u00bb pondr\u00e1 el broche final a la Parranda Navide\u00f1a 2025 el s\u00e1bado 20 de diciembre en Puerto Lajas, tras haber recorrido m\u00e1s de una veintena de localidades y acercado la tradici\u00f3n y la alegr\u00eda de la Navidad a todos los rincones del municipio.<\/p>\n<\/div>\n","protected":false},"excerpt":{"rendered":"<p>Las Agrupaciones Folcl\u00f3ricas \u201cLa Pion\u00e1\u201d y \u201cMaxorata\u201d unen sus voces y tradiciones para deleitar a los vecinos y vecinas del municipio con un amplio programa de actos navide\u00f1os impulsado por [&hellip;]<\/p>\n","protected":false},"author":1,"featured_media":14531,"comment_status":"open","ping_status":"open","sticky":false,"template":"","format":"standard","meta":{"inline_featured_image":false,"jnews-multi-image_gallery":[],"jnews_single_post":[],"jnews_primary_category":[],"jnews_social_meta":[],"jnews_override_counter":[],"jnews_post_split":[],"footnotes":""},"categories":[61],"tags":[],"class_list":["post-14529","post","type-post","status-publish","format-standard","has-post-thumbnail","hentry","category-puerto-del-rosario"],"jetpack_featured_media_url":"https:\/\/informacionlocal.es\/wp-content\/uploads\/2025\/11\/navidad-25-pueblos-y-barrios.jpg","_links":{"self":[{"href":"https:\/\/informacionlocal.es\/en\/wp-json\/wp\/v2\/posts\/14529","targetHints":{"allow":["GET"]}}],"collection":[{"href":"https:\/\/informacionlocal.es\/en\/wp-json\/wp\/v2\/posts"}],"about":[{"href":"https:\/\/informacionlocal.es\/en\/wp-json\/wp\/v2\/types\/post"}],"author":[{"embeddable":true,"href":"https:\/\/informacionlocal.es\/en\/wp-json\/wp\/v2\/users\/1"}],"replies":[{"embeddable":true,"href":"https:\/\/informacionlocal.es\/en\/wp-json\/wp\/v2\/comments?post=14529"}],"version-history":[{"count":0,"href":"https:\/\/informacionlocal.es\/en\/wp-json\/wp\/v2\/posts\/14529\/revisions"}],"wp:featuredmedia":[{"embeddable":true,"href":"https:\/\/informacionlocal.es\/en\/wp-json\/wp\/v2\/media\/14531"}],"wp:attachment":[{"href":"https:\/\/informacionlocal.es\/en\/wp-json\/wp\/v2\/media?parent=14529"}],"wp:term":[{"taxonomy":"category","embeddable":true,"href":"https:\/\/informacionlocal.es\/en\/wp-json\/wp\/v2\/categories?post=14529"},{"taxonomy":"post_tag","embeddable":true,"href":"https:\/\/informacionlocal.es\/en\/wp-json\/wp\/v2\/tags?post=14529"}],"curies":[{"name":"wp","href":"https:\/\/api.w.org\/{rel}","templated":true}]}}