{"id":14523,"date":"2025-11-25T19:58:26","date_gmt":"2025-11-25T19:58:26","guid":{"rendered":"https:\/\/informacionlocal.es\/el-ayuntamiento-de-pajara-pide-al-cabildo-de-fuerteventura-que-valore-la-entrada-del-consorcio-insular-de-abastecimiento-de-aguas-en-costa-calma\/"},"modified":"2025-11-25T19:58:26","modified_gmt":"2025-11-25T19:58:26","slug":"el-ayuntamiento-de-pajara-pide-al-cabildo-de-fuerteventura-que-valore-la-entrada-del-consorcio-insular-de-abastecimiento-de-aguas-en-costa-calma","status":"publish","type":"post","link":"https:\/\/informacionlocal.es\/en\/el-ayuntamiento-de-pajara-pide-al-cabildo-de-fuerteventura-que-valore-la-entrada-del-consorcio-insular-de-abastecimiento-de-aguas-en-costa-calma\/","title":{"rendered":"El Ayuntamiento de P\u00e1jara pide al Cabildo de Fuerteventura que valore la entrada del Consorcio insular de Abastecimiento de Aguas en Costa Calma"},"content":{"rendered":"<div class=\"entry-content\">\n<p><b><i>El objetivo es abaratar el excesivo costo que deben pagar los vecinos y las vecinas por este servicio<\/i><\/b><\/p>\n<p><b><i>El grupo de gobierno trabaja tambi\u00e9n en una licitaci\u00f3n para que una empresa se haga cargo del servicio, y optar\u00e1 por la medida m\u00e1s viable y r\u00e1pida<\/i><\/b><\/p>\n<p><span>El Ayuntamiento de P\u00e1jara solicita al Cabildo de Fuerteventura que valore la entrada del Consorcio de Abastecimiento de Aguas a Fuerteventura (CAAF) en la localidad de Costa Calma, con el objetivo de abaratar el excesivo costo que deben pagar los vecinos y las vecinas por este servicio.<\/span><\/p>\n<p><span>El primer teniente de alcalde y concejal de Urbanismo y Aguas, Alexis Alonso, recalca que se ha estado trabajando en el coste del ciclo del agua y explica que el procedimiento ya ha pasado por varios tr\u00e1mites de publicaci\u00f3n. \u201cAhora se traslada al Gobierno de Canarias unas autorizaciones y al Consorcio Insular de aguas la ayuda necesaria para ofrecer a la ciudadan\u00eda el servicio adecuado, debido al posible desabastecimiento del suministro\u201d, apunta.<\/span><\/p>\n<p><span>Por su parte, el alcalde, Alejandro Jorge, se\u00f1ala que \u201cdesde el Ayuntamiento no\u00a0 se ha dejado de trabajar en la resoluci\u00f3n de los problemas de\u00a0 Costa Calma, y uno de ellos es el garantizar\u00a0 un correcto suministro de agua, para que los vecinos y vecinas paguen precios razonables al que se paga en el resto del municipio\u201d.<\/span><\/p>\n<p><span>Con este tipo de acciones, el Ayuntamiento de P\u00e1jara contin\u00faa dando pasos para cumplir con la demanda de la poblaci\u00f3n y de esta forma garantizar el abastecimiento de agua con la calidad debida y a un coste razonable.<\/span><\/p>\n<\/div>\n","protected":false},"excerpt":{"rendered":"<p><i>El objetivo es abaratar el excesivo costo que deben pagar los vecinos y las vecinas por este servicio<\/i><\/p>\n","protected":false},"author":1,"featured_media":14525,"comment_status":"open","ping_status":"open","sticky":false,"template":"","format":"standard","meta":{"inline_featured_image":false,"jnews-multi-image_gallery":[],"jnews_single_post":[],"jnews_primary_category":[],"jnews_social_meta":[],"jnews_override_counter":[],"jnews_post_split":[],"footnotes":""},"categories":[63],"tags":[82,67],"class_list":["post-14523","post","type-post","status-publish","format-standard","has-post-thumbnail","hentry","category-pajara","tag-fuerteventura","tag-tramites"],"jetpack_featured_media_url":"https:\/\/informacionlocal.es\/wp-content\/uploads\/2025\/11\/nofoto-1.png","_links":{"self":[{"href":"https:\/\/informacionlocal.es\/en\/wp-json\/wp\/v2\/posts\/14523","targetHints":{"allow":["GET"]}}],"collection":[{"href":"https:\/\/informacionlocal.es\/en\/wp-json\/wp\/v2\/posts"}],"about":[{"href":"https:\/\/informacionlocal.es\/en\/wp-json\/wp\/v2\/types\/post"}],"author":[{"embeddable":true,"href":"https:\/\/informacionlocal.es\/en\/wp-json\/wp\/v2\/users\/1"}],"replies":[{"embeddable":true,"href":"https:\/\/informacionlocal.es\/en\/wp-json\/wp\/v2\/comments?post=14523"}],"version-history":[{"count":0,"href":"https:\/\/informacionlocal.es\/en\/wp-json\/wp\/v2\/posts\/14523\/revisions"}],"wp:featuredmedia":[{"embeddable":true,"href":"https:\/\/informacionlocal.es\/en\/wp-json\/wp\/v2\/media\/14525"}],"wp:attachment":[{"href":"https:\/\/informacionlocal.es\/en\/wp-json\/wp\/v2\/media?parent=14523"}],"wp:term":[{"taxonomy":"category","embeddable":true,"href":"https:\/\/informacionlocal.es\/en\/wp-json\/wp\/v2\/categories?post=14523"},{"taxonomy":"post_tag","embeddable":true,"href":"https:\/\/informacionlocal.es\/en\/wp-json\/wp\/v2\/tags?post=14523"}],"curies":[{"name":"wp","href":"https:\/\/api.w.org\/{rel}","templated":true}]}}