{"id":14517,"date":"2025-11-25T18:58:25","date_gmt":"2025-11-25T18:58:25","guid":{"rendered":"https:\/\/informacionlocal.es\/el-ayuntamiento-de-la-oliva-alza-la-voz-un-ano-mas-por-la-erradicacion-de-la-violencia-machista-el-25n\/"},"modified":"2025-11-25T18:58:25","modified_gmt":"2025-11-25T18:58:25","slug":"el-ayuntamiento-de-la-oliva-alza-la-voz-un-ano-mas-por-la-erradicacion-de-la-violencia-machista-el-25n","status":"publish","type":"post","link":"https:\/\/informacionlocal.es\/en\/el-ayuntamiento-de-la-oliva-alza-la-voz-un-ano-mas-por-la-erradicacion-de-la-violencia-machista-el-25n\/","title":{"rendered":"El Ayuntamiento de La Oliva alza la voz, un a\u00f1o m\u00e1s, por la erradicaci\u00f3n de la violencia machista el 25N"},"content":{"rendered":"<p>El Ayuntamiento de La Oliva conmemora hoy, 25 de noviembre, el D\u00eda Internacional de la Eliminaci\u00f3n de la Violencia Contra la Mujer con el habitual acto institucional en la Plaza de la Iglesia en La Oliva. El Consistorio, a trav\u00e9s del \u00e1rea de Prevenci\u00f3n de la Concejal\u00eda de Servicios Sociales, que gestiona Joana P\u00e9rez Carre\u00f1o, apuesta por el desarrollo de una campa\u00f1a de prevenci\u00f3n y concienciaci\u00f3n en esta ocasi\u00f3n, sobre la sumisi\u00f3n qu\u00edmica para el \u00faltimo tramo de 2025 y 2026. As\u00ed pues, bajo el lema \u2018Planta cara a la sumisi\u00f3n qu\u00edmica\u2019 se pone en marcha un plan que pretende hacer llegar a la ciudadan\u00eda informaci\u00f3n sobre qu\u00e9 es la sumisi\u00f3n qu\u00edmica, c\u00f3mo detectarla y c\u00f3mo actuar ante ella. <\/p>\n<p>A trav\u00e9s de esta campa\u00f1a se pretende sensibilizar a la poblaci\u00f3n sobre los riesgos que conlleva este tipo de sumisi\u00f3n, a la vez que se forma a profesionales de hosteler\u00eda, ocio nocturno, cuerpos de seguridad y j\u00f3venes para reconocer las se\u00f1ales de alarma. Asimismo, con el fin de prevenir y proteger a las posibles v\u00edctimas, se dotar\u00e1 de la presencia de profesional especializado en los principales eventos de nuestro municipio, junto con la una apuesta por la educaci\u00f3n audiovisual mediante la divulgaci\u00f3n de v\u00eddeos informativos sobre el asunto.<\/p>\n<p>El alcalde de La Oliva, Isa\u00ed Blanco, se\u00f1ala la necesidad de continuar trabajando en la sensibilizaci\u00f3n desde edades tempranas en una educaci\u00f3n que asegure la igualdad y la justicia entre la ciudadan\u00eda: \u201cEl 25N nos recuerda, cada a\u00f1o, la importancia no solo de visibilizar la realidad a la que contin\u00faan haciendo frente, desafortunadamente, muchas mujeres, sino que tambi\u00e9n nos sirve para tener claro que debemos seguir trabajando por la concienciaci\u00f3n, la prevenci\u00f3n y, en s\u00edntesis, la sensibilizaci\u00f3n de los ni\u00f1os y ni\u00f1as con el fin de erradicar esta lacra social tambi\u00e9n entre las futuras generaciones.\u201d<\/p>\n<p>\u201cDesde el Ayuntamiento nuestro mensaje es claro, todos y todas somos una pieza clave para continuar con la lucha por la eliminaci\u00f3n de la violencia machista y hacer frente a cualquier tipo de situaci\u00f3n que implique desigualdad, desventaja o discriminaci\u00f3n hacia las mujeres\u201d, manifiesta Blanco.<\/p>\n<p>Por su parte, la concejala de Servicios Sociales, Joana P\u00e9rez Carre\u00f1o, explica: \u201cDeseamos que los padres, madres, j\u00f3venes, educadores, empresarios, escuchen, participen, y transmitan un mensaje claro: no toleraremos ninguna forma de violencia. Por todo ello, hoy reafirmo: el Ayuntamiento de La Oliva est\u00e1 con las v\u00edctimas, con la igualdad, con la prevenci\u00f3n. No vamos a dar un paso atr\u00e1s. Vamos a seguir trabajando, con valent\u00eda, con convicci\u00f3n, con determinaci\u00f3n.\u201d <\/p>\n<p>\u201cQue este 25 de noviembre no sea solo un acto simb\u00f3lico, sino un punto de partida, un compromiso colectivo por un municipio m\u00e1s seguro, informado y corresponsable, donde la violencia sexual no tenga espacio. Porque nos queremos libres y sin miedo\u201d, destaca P\u00e9rez.<\/p>\n","protected":false},"excerpt":{"rendered":"<p><span>El Consistorio aboga por continuar con la condena firme ante cualquier tipo de violencia contra las mujeres a trav\u00e9s de la uni\u00f3n entre administraciones, pol\u00edticas preventivas, educaci\u00f3n en igualdad, as\u00ed como el acompa\u00f1amiento y detecci\u00f3n de la desigualdad, desventaja y discriminaci\u00f3n bajo el lema de este a\u00f1o \u2018Libres y Sin Miedo\u2019<\/span><\/p>\n","protected":false},"author":1,"featured_media":14519,"comment_status":"open","ping_status":"open","sticky":false,"template":"","format":"standard","meta":{"inline_featured_image":false,"jnews-multi-image_gallery":[],"jnews_single_post":[],"jnews_primary_category":[],"jnews_social_meta":[],"jnews_override_counter":[],"jnews_post_split":[],"footnotes":""},"categories":[62],"tags":[73,69],"class_list":["post-14517","post","type-post","status-publish","format-standard","has-post-thumbnail","hentry","category-la-oliva","tag-educacion","tag-eventos"],"jetpack_featured_media_url":"https:\/\/informacionlocal.es\/wp-content\/uploads\/2025\/11\/5275_f5a405d5.png","_links":{"self":[{"href":"https:\/\/informacionlocal.es\/en\/wp-json\/wp\/v2\/posts\/14517","targetHints":{"allow":["GET"]}}],"collection":[{"href":"https:\/\/informacionlocal.es\/en\/wp-json\/wp\/v2\/posts"}],"about":[{"href":"https:\/\/informacionlocal.es\/en\/wp-json\/wp\/v2\/types\/post"}],"author":[{"embeddable":true,"href":"https:\/\/informacionlocal.es\/en\/wp-json\/wp\/v2\/users\/1"}],"replies":[{"embeddable":true,"href":"https:\/\/informacionlocal.es\/en\/wp-json\/wp\/v2\/comments?post=14517"}],"version-history":[{"count":0,"href":"https:\/\/informacionlocal.es\/en\/wp-json\/wp\/v2\/posts\/14517\/revisions"}],"wp:featuredmedia":[{"embeddable":true,"href":"https:\/\/informacionlocal.es\/en\/wp-json\/wp\/v2\/media\/14519"}],"wp:attachment":[{"href":"https:\/\/informacionlocal.es\/en\/wp-json\/wp\/v2\/media?parent=14517"}],"wp:term":[{"taxonomy":"category","embeddable":true,"href":"https:\/\/informacionlocal.es\/en\/wp-json\/wp\/v2\/categories?post=14517"},{"taxonomy":"post_tag","embeddable":true,"href":"https:\/\/informacionlocal.es\/en\/wp-json\/wp\/v2\/tags?post=14517"}],"curies":[{"name":"wp","href":"https:\/\/api.w.org\/{rel}","templated":true}]}}