{"id":14463,"date":"2025-11-24T20:58:49","date_gmt":"2025-11-24T20:58:49","guid":{"rendered":"https:\/\/informacionlocal.es\/el-ayuntamiento-sigue-supervisando-las-proximas-actuaciones-en-centros-educativos\/"},"modified":"2025-11-24T20:58:49","modified_gmt":"2025-11-24T20:58:49","slug":"el-ayuntamiento-sigue-supervisando-las-proximas-actuaciones-en-centros-educativos","status":"publish","type":"post","link":"https:\/\/informacionlocal.es\/en\/el-ayuntamiento-sigue-supervisando-las-proximas-actuaciones-en-centros-educativos\/","title":{"rendered":"El Ayuntamiento sigue supervisando las pr\u00f3ximas actuaciones en centros educativos"},"content":{"rendered":"<div class=\"entry-content\">\n<h1><span>El ayuntamiento de Puerto del Rosario, a trav\u00e9s de la concejal\u00eda de Educaci\u00f3n y concejal\u00eda de Movilidad y Accesibilidad, han coordinado una visita al CEIP \u201cPoeta Domingo Vel\u00e1zquez\u201d, en El Matorral, para supervisar las pr\u00f3ximas actuaciones previstas en el centro. La concejala de Educaci\u00f3n, Tacoremi Guti\u00e9rrez, y la concejala de Movilidad y Accesibilidad, Antonia Fern\u00e1ndez Arag\u00f3n, mantuvieron un encuentro con la direcci\u00f3n del colegio y personal t\u00e9cnico para evaluar necesidades y planificar las intervenciones.<\/span><\/h1>\n<p><span>Entre las mejoras programadas se encuentran el acondicionamiento de la cancha deportiva, fundamental para la actividad f\u00edsica del alumnado, as\u00ed como la adecuaci\u00f3n de la acera exterior, destinada a incrementar la seguridad y accesibilidad del entorno escolar.<\/span><\/p>\n<p><span>El <strong>alcalde, David de Vera,<\/strong> destacaba que \u201cestas actuaciones reflejan el compromiso firme del Ayuntamiento por mejorar de manera constante tanto las instalaciones educativas como sus entornos. Trabajar de forma coordinada entre \u00e1reas nos permite ofrecer respuestas \u00e1giles y adecuadas a las necesidades de cada centro\u201d.<\/span><\/p>\n<p><span>Para <strong>Tacoremi Guti\u00e9rrez, concejala de Educaci\u00f3n,<\/strong> \u201cnuestro trabajo se centra en garantizar que el alumnado disponga de espacios seguros y adecuados. Escuchar a cada comunidad educativa es esencial para actuar con responsabilidad y mejorar el bienestar de los ni\u00f1os y ni\u00f1as\u201d.<\/span><\/p>\n<p><span>Por su parte, <strong>Antonia Fern\u00e1ndez Arag\u00f3n, concejala de Movilidad y Accesibilidad <\/strong>resaltaba \u201cla seguridad y la accesibilidad en el entorno escolar son prioritarias. La mejora de la acera exterior facilitar\u00e1 los desplazamientos de las familias y contribuir\u00e1 a un acceso m\u00e1s seguro y c\u00f3modo al centro\u201d.<\/span><\/p>\n<\/div>\n","protected":false},"excerpt":{"rendered":"<p>El ayuntamiento de Puerto del Rosario, a trav\u00e9s de la concejal\u00eda de Educaci\u00f3n y concejal\u00eda de Movilidad y Accesibilidad, han coordinado una visita al CEIP \u201cPoeta Domingo Vel\u00e1zquez\u201d, en El [&hellip;]<\/p>\n","protected":false},"author":1,"featured_media":14465,"comment_status":"open","ping_status":"open","sticky":false,"template":"","format":"standard","meta":{"inline_featured_image":false,"jnews-multi-image_gallery":[],"jnews_single_post":[],"jnews_primary_category":[],"jnews_social_meta":[],"jnews_override_counter":[],"jnews_post_split":[],"footnotes":""},"categories":[61],"tags":[73],"class_list":["post-14463","post","type-post","status-publish","format-standard","has-post-thumbnail","hentry","category-puerto-del-rosario","tag-educacion"],"jetpack_featured_media_url":"https:\/\/informacionlocal.es\/wp-content\/uploads\/2025\/11\/colegio-t-2-matorral-visita-cancha-1125.jpg","_links":{"self":[{"href":"https:\/\/informacionlocal.es\/en\/wp-json\/wp\/v2\/posts\/14463","targetHints":{"allow":["GET"]}}],"collection":[{"href":"https:\/\/informacionlocal.es\/en\/wp-json\/wp\/v2\/posts"}],"about":[{"href":"https:\/\/informacionlocal.es\/en\/wp-json\/wp\/v2\/types\/post"}],"author":[{"embeddable":true,"href":"https:\/\/informacionlocal.es\/en\/wp-json\/wp\/v2\/users\/1"}],"replies":[{"embeddable":true,"href":"https:\/\/informacionlocal.es\/en\/wp-json\/wp\/v2\/comments?post=14463"}],"version-history":[{"count":0,"href":"https:\/\/informacionlocal.es\/en\/wp-json\/wp\/v2\/posts\/14463\/revisions"}],"wp:featuredmedia":[{"embeddable":true,"href":"https:\/\/informacionlocal.es\/en\/wp-json\/wp\/v2\/media\/14465"}],"wp:attachment":[{"href":"https:\/\/informacionlocal.es\/en\/wp-json\/wp\/v2\/media?parent=14463"}],"wp:term":[{"taxonomy":"category","embeddable":true,"href":"https:\/\/informacionlocal.es\/en\/wp-json\/wp\/v2\/categories?post=14463"},{"taxonomy":"post_tag","embeddable":true,"href":"https:\/\/informacionlocal.es\/en\/wp-json\/wp\/v2\/tags?post=14463"}],"curies":[{"name":"wp","href":"https:\/\/api.w.org\/{rel}","templated":true}]}}