{"id":14457,"date":"2025-11-24T19:58:24","date_gmt":"2025-11-24T19:58:24","guid":{"rendered":"https:\/\/informacionlocal.es\/operafuerteventura-cierra-su-temporada-con-don-carlo-de-giuseppe-verdi\/"},"modified":"2025-11-24T19:58:24","modified_gmt":"2025-11-24T19:58:24","slug":"operafuerteventura-cierra-su-temporada-con-don-carlo-de-giuseppe-verdi","status":"publish","type":"post","link":"https:\/\/informacionlocal.es\/en\/operafuerteventura-cierra-su-temporada-con-don-carlo-de-giuseppe-verdi\/","title":{"rendered":"\u00d3peraFuerteventura cierra su temporada con \u2018Don Carlo\u2019 de Giuseppe Verdi"},"content":{"rendered":"<div class=\"entry-content\"><strong>24 noviembre, 2025<\/strong><\/p>\n<p><em>Las entradas pueden adquirirse en\u00a0www.ecoentradas.com<\/em><\/p>\n<p>\u00d3peraFuerteventura pone el broche de oro a su d\u00e9cima temporada con la obra \u2018Don Carlo\u2019, que se representar\u00e1 el s\u00e1bado, 29 de noviembre, a las 20.00 horas, en el Palacio de Formaci\u00f3n y Congresos. Las entradas pueden adquirirse en\u00a0www.ecoentradas.com<\/p>\n<p>Con la producci\u00f3n \u2018Don Carlo\u2019 de Giuseppe Verdi, bajo la direcci\u00f3n musical de Tulio Gagliardo, \u00d3peraFuerteventura cierra un a\u00f1o inolvidable, cargado de estrenos y grandes producciones. Esta temporada coincide, adem\u00e1s, con el d\u00e9cimo aniversario del festival, reafirmando la asociaci\u00f3n su compromiso con la difusi\u00f3n oper\u00edstica y consolidando su trayectoria en la escena cultural majorera.<\/p>\n<p>En la presentaci\u00f3n del evento, estuvieron presentes representantes de \u00d3peraFuerteventura, el consejero insular de Educaci\u00f3n y Juventud, Adargoma Hern\u00e1ndez, la consejera de Turismo, Marlene Figueroa, el viceconsejero de Cultura del Gobierno de Canarias, Horacio Umpi\u00e9rrez, y el concejal de Cultura del Ayuntamiento de Puerto del Rosario, Juan Manuel Verdugo.<\/p>\n<p>En representaci\u00f3n de \u00d3peraFuerteventura, el tenor y director art\u00edstico Jos\u00e9 Concepci\u00f3n, expres\u00f3 la felicidad de haber crecido en estos diez a\u00f1os, \u201cy esto no es gracias a \u00d3peraFuerteventura, sino gracias a Fuerteventura, porque hemos tenido la puerta abierta de todos sus colectivos, agrupaciones, estudiantes, vecinos y vecinas de la Isla, entre otros\u201d.<\/p>\n<p>\u201cUn regalo especial para la isla es que tenemos Orquesta Sinf\u00f3nica de Fuerteventura ya constituida\u201d, a\u00f1adi\u00f3 Concepci\u00f3n, destacando \u201cel reto que supone representar Don Carlo, una de las \u00f3peras m\u00e1s dif\u00edciles y menos representadas de Verdi por su montaje escenogr\u00e1fico, vestuario y otros aspectos t\u00e9cnicos y musicales\u201d.<\/p>\n<p>El presidente de \u00d3peraFuerteventura, Jonatan Su\u00e1rez, se\u00f1al\u00f3 que \u201cestos diez a\u00f1os no han sido f\u00e1ciles, pero empezar con Madama Butterfly y terminar con Don Carlo es una experiencia incre\u00edble, adem\u00e1s de contar con la Orquesta Sinf\u00f3nica con m\u00fasicos de todo el mundo\u201d.<\/p>\n<p>Los consejeros Adargoma Hern\u00e1ndez y Marlene Figueroa han felicitado a \u00d3peraFuerteventura por llevar lo mejor del g\u00e9nero a los diferentes rincones de la Isla, y agradecieron el esfuerzo y el cari\u00f1o que dedican siempre a este proyecto. Adem\u00e1s, destac\u00f3 Hern\u00e1ndez, haciendo part\u00edcipes a los m\u00e1s j\u00f3venes en su programaci\u00f3n.<\/p>\n<p>El viceconsejero de Cultura del Gobierno de Canarias, Horacio Umpi\u00e9rrez, puso en relieve \u201cla carrera mete\u00f3rica que ha tenido \u00d3peraFuerteventura, con diez temporadas que han sido toda una referencia en nuestra comunidad y que suponen un hito colectivo por la participaci\u00f3n ciudadana que implica\u201d. \u201cAsimismo, se ponen retos con obras complejas como Don Carlo y en los \u00faltimos a\u00f1os, incluso, con producci\u00f3n propia\u201d.<\/p>\n<p>Seg\u00fan Jos\u00e9 Manuel Verdugo, concejal de Cultura de Puerto del Rosario, \u201c\u00d3peraFuerteventura es ya una tradici\u00f3n. En una d\u00e9cada han fortalecido el proyecto que naci\u00f3 de la ilusi\u00f3n de sus miembros y se ha ido consagrando, gracias a la aportaci\u00f3n fundamental de las personas de Fuerteventura\u201d.<\/p>\n<p>Durante el acto, el gerente de la Orquesta Sinf\u00f3nica, Gabriel Dom\u00ednguez, y su presidente, Paco Cabrera, entregaron un reconocimiento al director musical, Tulio Gagliardo. En la presentaci\u00f3n de la \u00f3pera, estuvieron presentes, asimismo, las concejalas To\u00f1i Hern\u00e1ndez y Rosa Rodr\u00edguez de grupo de gobierno Puerto del Rosario y la concejala de la oposici\u00f3n, Ana Padilla.<\/p>\n<p><strong>Don Carlo<\/strong><\/p>\n<p>La obra de Giuseppe Verdi, \u2018Don Carlo\u2019, cuenta la historia de este pr\u00edncipe de Espa\u00f1a en tiempos de la Inquisici\u00f3n espa\u00f1ola, que est\u00e1 enamorado en secreto de Isabel de Valois, quien ha sido obligada a casarse con su padre, el rey Felipe II, por razones pol\u00edticas. Mientras sufre por este amor imposible, Carlo es alentado por su amigo Rodrigo, marqu\u00e9s de Posa, a luchar por la libertad de Flandes, sometida por el imperio espa\u00f1ol.<\/p>\n<p>El elenco cuenta con el bar\u00edtono Adri\u00e1n M\u0103rcan, la actriz Ana Carmen Jim\u00e9nez, el bajo Alfonso Baruque, la mezzosoprano Mariam Baratashvili, el bajo D\u00e1vid Dani, la soprano Eug\u00e8nia Montenegro, el tenor Jos\u00e9 Concepci\u00f3n y Sam Taskinen (bar\u00edtono bajo).\u00a0<\/p>\n<\/div>\n","protected":false},"excerpt":{"rendered":"<p>24 noviembre, 2025 Las entradas pueden adquirirse en\u00a0www.ecoentradas.com \u00d3peraFuerteventura pone el broche de oro a su d\u00e9cima temporada con la obra \u2018Don Carlo\u2019, que se representar\u00e1 el s\u00e1bado, 29 de [&hellip;]<\/p>\n","protected":false},"author":1,"featured_media":14459,"comment_status":"open","ping_status":"open","sticky":false,"template":"","format":"standard","meta":{"inline_featured_image":false,"jnews-multi-image_gallery":[],"jnews_single_post":[],"jnews_primary_category":[],"jnews_social_meta":[],"jnews_override_counter":[],"jnews_post_split":[],"footnotes":""},"categories":[58],"tags":[73,82],"class_list":["post-14457","post","type-post","status-publish","format-standard","has-post-thumbnail","hentry","category-cabildo","tag-educacion","tag-fuerteventura"],"jetpack_featured_media_url":"https:\/\/informacionlocal.es\/wp-content\/uploads\/2025\/11\/20251114-opera-fuerteventura_2025124_opera_fuerteventura-6.jpg","_links":{"self":[{"href":"https:\/\/informacionlocal.es\/en\/wp-json\/wp\/v2\/posts\/14457","targetHints":{"allow":["GET"]}}],"collection":[{"href":"https:\/\/informacionlocal.es\/en\/wp-json\/wp\/v2\/posts"}],"about":[{"href":"https:\/\/informacionlocal.es\/en\/wp-json\/wp\/v2\/types\/post"}],"author":[{"embeddable":true,"href":"https:\/\/informacionlocal.es\/en\/wp-json\/wp\/v2\/users\/1"}],"replies":[{"embeddable":true,"href":"https:\/\/informacionlocal.es\/en\/wp-json\/wp\/v2\/comments?post=14457"}],"version-history":[{"count":0,"href":"https:\/\/informacionlocal.es\/en\/wp-json\/wp\/v2\/posts\/14457\/revisions"}],"wp:featuredmedia":[{"embeddable":true,"href":"https:\/\/informacionlocal.es\/en\/wp-json\/wp\/v2\/media\/14459"}],"wp:attachment":[{"href":"https:\/\/informacionlocal.es\/en\/wp-json\/wp\/v2\/media?parent=14457"}],"wp:term":[{"taxonomy":"category","embeddable":true,"href":"https:\/\/informacionlocal.es\/en\/wp-json\/wp\/v2\/categories?post=14457"},{"taxonomy":"post_tag","embeddable":true,"href":"https:\/\/informacionlocal.es\/en\/wp-json\/wp\/v2\/tags?post=14457"}],"curies":[{"name":"wp","href":"https:\/\/api.w.org\/{rel}","templated":true}]}}