{"id":14451,"date":"2025-11-24T18:58:37","date_gmt":"2025-11-24T18:58:37","guid":{"rendered":"https:\/\/informacionlocal.es\/puerto-del-rosario-renueva-y-amplia-la-senaletica-turistica-en-el-municipio\/"},"modified":"2025-11-24T18:58:37","modified_gmt":"2025-11-24T18:58:37","slug":"puerto-del-rosario-renueva-y-amplia-la-senaletica-turistica-en-el-municipio","status":"publish","type":"post","link":"https:\/\/informacionlocal.es\/en\/puerto-del-rosario-renueva-y-amplia-la-senaletica-turistica-en-el-municipio\/","title":{"rendered":"Puerto del Rosario renueva y ampl\u00eda la se\u00f1al\u00e9tica tur\u00edstica en el municipio"},"content":{"rendered":"<div class=\"entry-content\">\n<p>El ayuntamiento de la capital majorera, a trav\u00e9s de la concejal\u00eda de Turismo, renueva y ampl\u00eda la se\u00f1al\u00e9tica municipal de turismo e incorpora nuevos puntos estrat\u00e9gicos para mejorar la experiencia de los visitantes y residentes.<\/p>\n<p>Se trata de un ambicioso proyecto de se\u00f1al\u00e9tica tur\u00edstica del municipio, con el objetivo de ofrecer a los visitantes una informaci\u00f3n, m\u00e1s clara, actualizada y accesible. Esta actuaci\u00f3n responde a la necesidad de sustituir los elementos antiguos y deteriorados, al tiempo que se incorporan nuevos puntos informativos en zonas estrat\u00e9gicas de gran afluencia. \u00a0En un trabajo conjunto entre la concejal\u00eda de Turismo y la concejal\u00eda de Contrataci\u00f3n se ha llevado a cabo esta licitaci\u00f3n.<\/p>\n<p>El <strong>alcalde, David de Vera,<\/strong> declaraba que \u201cesta intervenci\u00f3n forma parte de la apuesta municipal por reforzar la calidad del destino y garantizar que quienes nos visitan se sientan cada vez m\u00e1s informados y acompa\u00f1ados durante su estancia. Los cruceros y el aeropuerto son la puerta de entrada a la isla, y la capital se esfuerza por mejorar cada d\u00eda prestando el mejor servicio\u201d.<\/p>\n<p>La <strong>concejala de Turismo, Rosa Rodr\u00edguez<\/strong>, destac\u00f3 la relevancia de estas actuaciones, ya que \u201ccada vez son m\u00e1s los visitantes que recibe el municipio y, desde la concejal\u00eda, trabajamos en diferentes \u00e1reas para informar, tanto a turistas como a residentes, de las opciones que se ofrecen en Puerto del Rosario, la se\u00f1al\u00e9tica es uno de esos apartados, sin olvidar la atenci\u00f3n personal que desde la Oficina de Informaci\u00f3n Tur\u00edstica del ayuntamiento ( OIT ) se lleva a cabo de lunes a domingo\u201d.<\/p>\n<p>Para la <strong>concejala de Contrataci\u00f3n, Mar\u00eda Franco<\/strong> \u201cel trabajo coordinado entre diferentes \u00e1reas, nos permite atender las necesidades del municipio para poder iniciar todos los expedientes necesarios y llevar a buen t\u00e9rmino los diversos proyectos\u201d.<\/p>\n<p>De este modo, Puerto del Rosario dispone de nuevas se\u00f1ales, tanto horizontales como verticales, ubicadas en puntos estrat\u00e9gicos, que ayudan a conocer mejor el municipio.<\/p>\n<\/div>\n","protected":false},"excerpt":{"rendered":"<p>El ayuntamiento de la capital majorera, a trav\u00e9s de la concejal\u00eda de Turismo, renueva y ampl\u00eda la se\u00f1al\u00e9tica municipal de turismo e incorpora nuevos puntos estrat\u00e9gicos para mejorar la experiencia [&hellip;]<\/p>\n","protected":false},"author":1,"featured_media":14453,"comment_status":"open","ping_status":"open","sticky":false,"template":"","format":"standard","meta":{"inline_featured_image":false,"jnews-multi-image_gallery":[],"jnews_single_post":[],"jnews_primary_category":[],"jnews_social_meta":[],"jnews_override_counter":[],"jnews_post_split":[],"footnotes":""},"categories":[61],"tags":[],"class_list":["post-14451","post","type-post","status-publish","format-standard","has-post-thumbnail","hentry","category-puerto-del-rosario"],"jetpack_featured_media_url":"https:\/\/informacionlocal.es\/wp-content\/uploads\/2025\/11\/senaletica-t-3-25-panel.jpg","_links":{"self":[{"href":"https:\/\/informacionlocal.es\/en\/wp-json\/wp\/v2\/posts\/14451","targetHints":{"allow":["GET"]}}],"collection":[{"href":"https:\/\/informacionlocal.es\/en\/wp-json\/wp\/v2\/posts"}],"about":[{"href":"https:\/\/informacionlocal.es\/en\/wp-json\/wp\/v2\/types\/post"}],"author":[{"embeddable":true,"href":"https:\/\/informacionlocal.es\/en\/wp-json\/wp\/v2\/users\/1"}],"replies":[{"embeddable":true,"href":"https:\/\/informacionlocal.es\/en\/wp-json\/wp\/v2\/comments?post=14451"}],"version-history":[{"count":0,"href":"https:\/\/informacionlocal.es\/en\/wp-json\/wp\/v2\/posts\/14451\/revisions"}],"wp:featuredmedia":[{"embeddable":true,"href":"https:\/\/informacionlocal.es\/en\/wp-json\/wp\/v2\/media\/14453"}],"wp:attachment":[{"href":"https:\/\/informacionlocal.es\/en\/wp-json\/wp\/v2\/media?parent=14451"}],"wp:term":[{"taxonomy":"category","embeddable":true,"href":"https:\/\/informacionlocal.es\/en\/wp-json\/wp\/v2\/categories?post=14451"},{"taxonomy":"post_tag","embeddable":true,"href":"https:\/\/informacionlocal.es\/en\/wp-json\/wp\/v2\/tags?post=14451"}],"curies":[{"name":"wp","href":"https:\/\/api.w.org\/{rel}","templated":true}]}}