{"id":14445,"date":"2025-11-24T17:59:14","date_gmt":"2025-11-24T17:59:14","guid":{"rendered":"https:\/\/informacionlocal.es\/el-cabildo-de-fuerteventura-apoya-la-proposicion-de-ley-de-accesibilidad-universal\/"},"modified":"2025-11-24T17:59:14","modified_gmt":"2025-11-24T17:59:14","slug":"el-cabildo-de-fuerteventura-apoya-la-proposicion-de-ley-de-accesibilidad-universal","status":"publish","type":"post","link":"https:\/\/informacionlocal.es\/en\/el-cabildo-de-fuerteventura-apoya-la-proposicion-de-ley-de-accesibilidad-universal\/","title":{"rendered":"\ufeffEl Cabildo de Fuerteventura apoya la proposici\u00f3n de Ley de Accesibilidad Universal"},"content":{"rendered":"<div class=\"entry-content\"><strong>24 noviembre, 2025<\/strong><\/p>\n<p><em><strong>La Corporaci\u00f3n insular pide que haya financiaci\u00f3n suficiente para poder impulsar medidas acordes a esta ley y recogidas en el Plan Insular de Accesibilidad<\/strong><\/em><\/p>\n<p>El Cabildo de Fuerteventura muestra su apoyo a la proposici\u00f3n de Ley de Accesibilidad Universal, que ha sido debatida hoy en la comisi\u00f3n de cabildos insulares. La presidenta de la Corporaci\u00f3n insular, Lola Garc\u00eda, expresa el apoyo del Cabildo majorero a la proposici\u00f3n de ley, \u201cdada la necesidad de aprobar una normativa actualizada, que puede marcar un antes y un despu\u00e9s en el Archipi\u00e9lago de cara a garantizar los derechos de miles de personas\u201d.<\/p>\n<p>Seg\u00fan Garc\u00eda, esta ley llega en un momento clave, \u201cya que desde el Cabildo hemos elaborado el Plan Insular de Accesibilidad, que se encuentra en marcha con unas cuarenta acciones concretas en todos los municipios, y esta ley viene a respaldar todas estas actuaciones y el desarrollo efectivo de dicho plan, enfocado a mejorar la accesibilidad en Fuerteventura\u201d.<\/p>\n<p>La consejera de Accesibilidad, Carmen Alonso, ha intervenido hoy en la comisi\u00f3n de cabildos insulares para debatir la proposici\u00f3n de ley, desarrollada en la sede del Parlamento canario.<\/p>\n<p>Seg\u00fan ha apuntado Alonso, la isla majorera cuenta con m\u00e1s de 7.000 personas que viven con limitaciones que condicionan su autonom\u00eda y, por lo tanto, su d\u00eda a d\u00eda.\u00a0 \u201cY las barreras no son solo f\u00edsicas: est\u00e1n en la comunicaci\u00f3n, en los tr\u00e1mites, en el transporte y en el acceso a la informaci\u00f3n. Para todas estas personas, la accesibilidad es la diferencia entre participar en la sociedad o quedar al margen\u201d, apunt\u00f3 la consejera.<\/p>\n<p>Por todo ello, durante la comisi\u00f3n, Alonso expres\u00f3 el apoyo a la proposici\u00f3n de ley por parte del Cabildo insular, y aprovech\u00f3 para solicitar la informaci\u00f3n que necesitan las instituciones locales: \u201cconocer qu\u00e9 plazos tendr\u00e1n las instituciones para poder participar en ella y qu\u00e9 competencias espec\u00edficas tendr\u00e1 cada administraci\u00f3n, entre otros requisitos y aspectos t\u00e9cnicos, as\u00ed como definir qu\u00e9 financiaci\u00f3n acompa\u00f1ar\u00e1 a dicha ley\u201d. \u201cContamos con un Plan Insular de Accesibilidad ya aprobado, pero sin compromiso y recursos esta ley no podr\u00e1 transformar la vida de las m\u00e1s de 7.000 personas que a\u00fan encuentran barreras en la isla\u201d.<\/p>\n<p>Sin recursos, detall\u00f3 la consejera, \u201cno hay igualdad, y en territorios como Fuerteventura \u2014con distancias largas, zonas rurales dispersas y crecimiento r\u00e1pido\u2014 cumplir la ley exigir\u00e1 un sobresfuerzo\u201d.<\/p>\n<p>\u201cAprovechemos esta oportunidad y hagamos de esta ley una herramienta \u00fatil y real. Que no se quede en buenas intenciones o en papel, que sirva para transformar la realidad hacia una Fuerteventura y una Canarias de plena accesibilidad\u201d, concluy\u00f3 Carmen Alonso.<\/p>\n<\/div>\n","protected":false},"excerpt":{"rendered":"<p>24 noviembre, 2025 La Corporaci\u00f3n insular pide que haya financiaci\u00f3n suficiente para poder impulsar medidas acordes a esta ley y recogidas en el Plan Insular de Accesibilidad El Cabildo de [&hellip;]<\/p>\n","protected":false},"author":1,"featured_media":14447,"comment_status":"open","ping_status":"open","sticky":false,"template":"","format":"standard","meta":{"inline_featured_image":false,"jnews-multi-image_gallery":[],"jnews_single_post":[],"jnews_primary_category":[],"jnews_social_meta":[],"jnews_override_counter":[],"jnews_post_split":[],"footnotes":""},"categories":[58],"tags":[82,65,67],"class_list":["post-14445","post","type-post","status-publish","format-standard","has-post-thumbnail","hentry","category-cabildo","tag-fuerteventura","tag-municipios","tag-tramites"],"jetpack_featured_media_url":"https:\/\/informacionlocal.es\/wp-content\/uploads\/2025\/11\/4t4t.jpeg","_links":{"self":[{"href":"https:\/\/informacionlocal.es\/en\/wp-json\/wp\/v2\/posts\/14445","targetHints":{"allow":["GET"]}}],"collection":[{"href":"https:\/\/informacionlocal.es\/en\/wp-json\/wp\/v2\/posts"}],"about":[{"href":"https:\/\/informacionlocal.es\/en\/wp-json\/wp\/v2\/types\/post"}],"author":[{"embeddable":true,"href":"https:\/\/informacionlocal.es\/en\/wp-json\/wp\/v2\/users\/1"}],"replies":[{"embeddable":true,"href":"https:\/\/informacionlocal.es\/en\/wp-json\/wp\/v2\/comments?post=14445"}],"version-history":[{"count":0,"href":"https:\/\/informacionlocal.es\/en\/wp-json\/wp\/v2\/posts\/14445\/revisions"}],"wp:featuredmedia":[{"embeddable":true,"href":"https:\/\/informacionlocal.es\/en\/wp-json\/wp\/v2\/media\/14447"}],"wp:attachment":[{"href":"https:\/\/informacionlocal.es\/en\/wp-json\/wp\/v2\/media?parent=14445"}],"wp:term":[{"taxonomy":"category","embeddable":true,"href":"https:\/\/informacionlocal.es\/en\/wp-json\/wp\/v2\/categories?post=14445"},{"taxonomy":"post_tag","embeddable":true,"href":"https:\/\/informacionlocal.es\/en\/wp-json\/wp\/v2\/tags?post=14445"}],"curies":[{"name":"wp","href":"https:\/\/api.w.org\/{rel}","templated":true}]}}