{"id":14417,"date":"2025-11-24T15:58:27","date_gmt":"2025-11-24T15:58:27","guid":{"rendered":"https:\/\/informacionlocal.es\/el-ayuntamiento-de-pajara-pone-en-marcha-el-programa-alcemos-la-voz-para-conmemorar-el-25n\/"},"modified":"2025-11-24T15:58:27","modified_gmt":"2025-11-24T15:58:27","slug":"el-ayuntamiento-de-pajara-pone-en-marcha-el-programa-alcemos-la-voz-para-conmemorar-el-25n","status":"publish","type":"post","link":"https:\/\/informacionlocal.es\/en\/el-ayuntamiento-de-pajara-pone-en-marcha-el-programa-alcemos-la-voz-para-conmemorar-el-25n\/","title":{"rendered":"El Ayuntamiento de P\u00e1jara pone en marcha el programa \u2018Alcemos la voz\u2019 para conmemorar el 25N"},"content":{"rendered":"<div class=\"entry-content\">\n<p><b>El Ayuntamiento de P\u00e1jara pone en marcha el programa \u2018Alcemos la voz\u2019 para conmemorar el 25N<\/b><\/p>\n<p><b>\u00a0<\/b><b><i>Los eventos se desarrollar\u00e1n ma\u00f1ana martes, 25 de noviembre, a partir de las 17:00 horas, en diferentes espacios de Morro Jable, dirigidos a toda la poblaci\u00f3n<\/i><\/b><\/p>\n<p><span>El Ayuntamiento de P\u00e1jara, a trav\u00e9s de la Concejal\u00eda de Servicios Sociales, conmemora el D\u00eda Internacional de la Eliminaci\u00f3n de la Violencia contra la Mujer, que se celebra ma\u00f1ana martes, 25 de noviembre, con el programa de actividades \u2018Alcemos la voz. Entre las acciones, se llevar\u00e1 a cabo la lectura del manifiesto, as\u00ed como diferentes talleres y espect\u00e1culos dirigidos a toda la poblaci\u00f3n.<\/span><\/p>\n<p><span>La concejala de Servicios Sociales de P\u00e1jara, Kathaisa Rodr\u00edguez, subraya que estas iniciativas se han organizado con la intenci\u00f3n de crear conciencia en la ciudadan\u00eda, en especial en los m\u00e1s j\u00f3venes, y poner de relieve la importancia de generar \u201cun entorno seguro, apacible y respetuoso con la comunidad, y eliminar todo rastro de violencia machista\u201d.<\/span><\/p>\n<p><span>Por su parte, el alcalde, Alejandro Jorge, incide en la necesidad de fomentar la igualdad entre hombres y mujeres, crear espacios seguros para la comunidad e implantar medidas con el fin de erradicar este tipo de violencia. \u201cDesde el Ayuntamiento, manifestamos nuestra lucha y repulsa contra toda agresividad y sus causas\u201d, se\u00f1ala.<\/span><\/p>\n<p><span>Los actos comenzar\u00e1n desde las 17:00 horas. Asimismo, se han habilitado diferentes espacios como el escenario dedicado a la m\u00fasica, en la calle Nuestra Se\u00f1ora del Carmen, 26; el escenario teatro, en la calle Laurel; el escenario lecto escritura, en la calle Nuestra Se\u00f1ora del Carmen, 15, as\u00ed como un escenario infantil, ubicado en el Monumento a los Tres Pescadores.\u00a0<\/span><\/p>\n<p><b>Programaci\u00f3n<\/b><\/p>\n<p><span>El programa de actividades arranca en el escenario m\u00fasica con la actuaci\u00f3n de la artista Valentina (cello). A las 18:00 horas continuar\u00e1 el evento con la cantante Marina Di Maio y a las 19:00 horas, finalizar\u00e1 la jornada con la dj Desir\u00e9e Santana.\u00a0<\/span><\/p>\n<p><span>El escenario de teatro acoger\u00e1 a las 17:00 horas y a las 19:00 horas, el espect\u00e1culo <\/span><i><span>Performance Mu\u00f1ecas<\/span><\/i><span>, con las profesionales Inma Jordan y Yanira Cabrera, con una duraci\u00f3n de 45 minutos. Adem\u00e1s, a las 18:00 horas y a las 20:00 horas el grupo YuPa Fantasy presenta la actividad <\/span><i><span>Yupaventuras<\/span><\/i><span>, con Paula Gil y Yudeyna Santana.\u00a0<\/span><\/p>\n<p><span>El escenario lecto escritura contar\u00e1 con el recital de poes\u00eda Fuentesanta de la Cruz, a cargo de Cath Rime y Salvadora Martel. A las 18:45 horas, se proceder\u00e1 a la lectura manifiesto a cargo de la responsable del \u00c1rea, Kathaisa Rodr\u00edguez, y del alcalde, Alejandro Jorge, junto con la intervenci\u00f3n de la escritora Mar\u00eda Rosa Laso Ramos. A las 19;00 horas se presentar\u00e1 el libro <\/span><i><span>La Taxista<\/span><\/i><span>, de la autora Josefa Molina, acompa\u00f1ada por la profesional Laura Squinobal.<\/span><\/p>\n<p><span>El escenario infantil ofrecer\u00e1 un taller de teatro infantil impartido por Paola Segura, a las 17:00 horas, a las 18:00 horas, a las 19:00 horas y a las 20:00 horas, seguido de una chocolatada. Cada uno de ellos durar\u00e1 45 minutos.\u00a0<\/span><\/p>\n<p><span>Con estas acciones el Consistorio contin\u00faa implementando pol\u00edticas de igualdad y dotando de recursos suficientes para mejorar la respuesta institucional a todos los niveles.<\/span><\/p>\n<p><img fetchpriority=\"high\" decoding=\"async\" class=\"alignnone size-medium wp-image-21269\" src=\"https:\/\/informacionlocal.es\/wp-content\/uploads\/2025\/11\/imagen-de-whatsapp-2025-11-21-a-las-15-29-17_f38a0e1b-300x300-1.jpg\" width=\"300\" height=\"300\" title=\"imagen-de-whatsapp-2025-11-21-a-las-15-29-17_f38a0e1b-300x300-1\"><img decoding=\"async\" class=\"alignnone  wp-image-21270\" src=\"https:\/\/informacionlocal.es\/wp-content\/uploads\/2025\/11\/imagen-de-whatsapp-2025-11-21-a-las-15-29-16_e7f00744.jpg\" width=\"301\" height=\"301\" title=\"imagen-de-whatsapp-2025-11-21-a-las-15-29-16_e7f00744\"><img decoding=\"async\" class=\"alignnone size-medium wp-image-21267\" src=\"https:\/\/informacionlocal.es\/wp-content\/uploads\/2025\/11\/imagen-de-whatsapp-2025-11-21-a-las-15-29-17_ca724e35-300x300-1.jpg\" width=\"300\" height=\"300\" title=\"imagen-de-whatsapp-2025-11-21-a-las-15-29-17_ca724e35-300x300-1\"><img loading=\"lazy\" decoding=\"async\" loading=\"lazy\" class=\"alignnone size-medium wp-image-21266\" src=\"https:\/\/informacionlocal.es\/wp-content\/uploads\/2025\/11\/imagen-de-whatsapp-2025-11-21-a-las-15-29-17_1606c3dc-300x300-1.jpg\" width=\"300\" height=\"300\" title=\"imagen-de-whatsapp-2025-11-21-a-las-15-29-17_1606c3dc-300x300-1\"><\/p>\n<\/div>\n","protected":false},"excerpt":{"rendered":"<p><i>Los eventos se desarrollar\u00e1n ma\u00f1ana martes, 25 de noviembre, a partir de las 17:00 horas, en diferentes espacios de Morro Jable, dirigidos a toda la poblaci\u00f3n<\/i><\/p>\n","protected":false},"author":1,"featured_media":14419,"comment_status":"open","ping_status":"open","sticky":false,"template":"","format":"standard","meta":{"inline_featured_image":false,"jnews-multi-image_gallery":[],"jnews_single_post":[],"jnews_primary_category":[],"jnews_social_meta":[],"jnews_override_counter":[],"jnews_post_split":[],"footnotes":""},"categories":[63],"tags":[69],"class_list":["post-14417","post","type-post","status-publish","format-standard","has-post-thumbnail","hentry","category-pajara","tag-eventos"],"jetpack_featured_media_url":"https:\/\/informacionlocal.es\/wp-content\/uploads\/2025\/11\/imagen-de-whatsapp-2025-11-21-a-las-15-29-17_b0191dc1.jpg","_links":{"self":[{"href":"https:\/\/informacionlocal.es\/en\/wp-json\/wp\/v2\/posts\/14417","targetHints":{"allow":["GET"]}}],"collection":[{"href":"https:\/\/informacionlocal.es\/en\/wp-json\/wp\/v2\/posts"}],"about":[{"href":"https:\/\/informacionlocal.es\/en\/wp-json\/wp\/v2\/types\/post"}],"author":[{"embeddable":true,"href":"https:\/\/informacionlocal.es\/en\/wp-json\/wp\/v2\/users\/1"}],"replies":[{"embeddable":true,"href":"https:\/\/informacionlocal.es\/en\/wp-json\/wp\/v2\/comments?post=14417"}],"version-history":[{"count":0,"href":"https:\/\/informacionlocal.es\/en\/wp-json\/wp\/v2\/posts\/14417\/revisions"}],"wp:featuredmedia":[{"embeddable":true,"href":"https:\/\/informacionlocal.es\/en\/wp-json\/wp\/v2\/media\/14419"}],"wp:attachment":[{"href":"https:\/\/informacionlocal.es\/en\/wp-json\/wp\/v2\/media?parent=14417"}],"wp:term":[{"taxonomy":"category","embeddable":true,"href":"https:\/\/informacionlocal.es\/en\/wp-json\/wp\/v2\/categories?post=14417"},{"taxonomy":"post_tag","embeddable":true,"href":"https:\/\/informacionlocal.es\/en\/wp-json\/wp\/v2\/tags?post=14417"}],"curies":[{"name":"wp","href":"https:\/\/api.w.org\/{rel}","templated":true}]}}