{"id":14411,"date":"2025-11-24T12:58:40","date_gmt":"2025-11-24T12:58:40","guid":{"rendered":"https:\/\/informacionlocal.es\/el-cabildo-de-fuerteventura-desarrolla-con-exito-los-talleres-de-artesania-tradicional\/"},"modified":"2025-11-24T12:58:40","modified_gmt":"2025-11-24T12:58:40","slug":"el-cabildo-de-fuerteventura-desarrolla-con-exito-los-talleres-de-artesania-tradicional","status":"publish","type":"post","link":"https:\/\/informacionlocal.es\/en\/el-cabildo-de-fuerteventura-desarrolla-con-exito-los-talleres-de-artesania-tradicional\/","title":{"rendered":"El Cabildo de Fuerteventura desarrolla con \u00e9xito los talleres de Artesan\u00eda Tradicional"},"content":{"rendered":"<div class=\"entry-content\"><strong>24 noviembre, 2025<\/strong><\/p>\n<p><em><strong>La iniciativa forma parte del programa \u2018Fuerte por Naturaleza\u2019 de la Consejer\u00eda de Turismo, en acuerdo con la C\u00e1mara de Comercio y con la colaboraci\u00f3n del \u00e1rea insular de Artesan\u00eda<\/strong><\/em><\/p>\n<p>El Cabildo de Fuerteventura imparte con \u00e9xito los talleres de<br \/>\nartesan\u00eda tradicional que se desarrollan en Tiscamanita y Tindaya. Unos<br \/>\ntalleres que forman parte del programa \u2018Fuerte por Naturaleza\u2019 de la Consejer\u00eda<br \/>\nde Turismo, gracias al acuerdo con la C\u00e1mara de Comercio, en coordinaci\u00f3n con<br \/>\nel \u00e1rea insular de Artesan\u00eda.<\/p>\n<p>Las sesiones son impartidas por el artesano \u00c1ngel Nolasco y se<br \/>\ncentran en dos disciplinas: la cester\u00eda de palma, que se desarrolla en<br \/>\nTiscamanita, y la sombrerer\u00eda tradicional, en Tindaya. Los talleres se<br \/>\ndesarrollan entre los meses de septiembre y diciembre, reafirmando el<br \/>\ncompromiso de la Corporaci\u00f3n insular por difundir las pr\u00e1cticas artesanales que<br \/>\nforman parte del patrimonio cultural e inmaterial de Fuerteventura.<\/p>\n<p>Ambas especialidades ofrecen niveles de iniciaci\u00f3n, adem\u00e1s de un<br \/>\nnivel avanzado en el caso de la sombrerer\u00eda, permitiendo que participantes con<br \/>\ndistintos perfiles puedan acercarse a estos oficios.<\/p>\n<p>La consejera de Turismo, Marlene Figueroa, y la consejera de<br \/>\nArtesan\u00eda, Lolina Negr\u00edn, han visitado los talleres, poniendo en valor el<br \/>\ninter\u00e9s que muestran las personas de Fuerteventura por conocer de primera mano<br \/>\nestas tradiciones, demostrando que la artesan\u00eda artesanal tiene un espacio vivo<br \/>\nen Fuerteventura.<\/p>\n<p>Esta iniciativa consolida al Cabildo de Fuerteventura como un<br \/>\nreferente en la recuperaci\u00f3n, difusi\u00f3n y mantenimiento de conocimientos<br \/>\nvinculados a los oficios artesanos de la isla.<\/p>\n<p>Estos talleres est\u00e1n financiados por la Uni\u00f3n Europea a trav\u00e9s de<br \/>\nlos fondos Next Generation EU.<\/p>\n<\/div>\n","protected":false},"excerpt":{"rendered":"<p>24 noviembre, 2025 La iniciativa forma parte del programa \u2018Fuerte por Naturaleza\u2019 de la Consejer\u00eda de Turismo, en acuerdo con la C\u00e1mara de Comercio y con la colaboraci\u00f3n del \u00e1rea [&hellip;]<\/p>\n","protected":false},"author":1,"featured_media":14413,"comment_status":"open","ping_status":"open","sticky":false,"template":"","format":"standard","meta":{"inline_featured_image":false,"jnews-multi-image_gallery":[],"jnews_single_post":[],"jnews_primary_category":[],"jnews_social_meta":[],"jnews_override_counter":[],"jnews_post_split":[],"footnotes":""},"categories":[58],"tags":[82],"class_list":["post-14411","post","type-post","status-publish","format-standard","has-post-thumbnail","hentry","category-cabildo","tag-fuerteventura"],"jetpack_featured_media_url":"https:\/\/informacionlocal.es\/wp-content\/uploads\/2025\/11\/artesanc3ada-6.jpeg","_links":{"self":[{"href":"https:\/\/informacionlocal.es\/en\/wp-json\/wp\/v2\/posts\/14411","targetHints":{"allow":["GET"]}}],"collection":[{"href":"https:\/\/informacionlocal.es\/en\/wp-json\/wp\/v2\/posts"}],"about":[{"href":"https:\/\/informacionlocal.es\/en\/wp-json\/wp\/v2\/types\/post"}],"author":[{"embeddable":true,"href":"https:\/\/informacionlocal.es\/en\/wp-json\/wp\/v2\/users\/1"}],"replies":[{"embeddable":true,"href":"https:\/\/informacionlocal.es\/en\/wp-json\/wp\/v2\/comments?post=14411"}],"version-history":[{"count":0,"href":"https:\/\/informacionlocal.es\/en\/wp-json\/wp\/v2\/posts\/14411\/revisions"}],"wp:featuredmedia":[{"embeddable":true,"href":"https:\/\/informacionlocal.es\/en\/wp-json\/wp\/v2\/media\/14413"}],"wp:attachment":[{"href":"https:\/\/informacionlocal.es\/en\/wp-json\/wp\/v2\/media?parent=14411"}],"wp:term":[{"taxonomy":"category","embeddable":true,"href":"https:\/\/informacionlocal.es\/en\/wp-json\/wp\/v2\/categories?post=14411"},{"taxonomy":"post_tag","embeddable":true,"href":"https:\/\/informacionlocal.es\/en\/wp-json\/wp\/v2\/tags?post=14411"}],"curies":[{"name":"wp","href":"https:\/\/api.w.org\/{rel}","templated":true}]}}