{"id":14369,"date":"2025-11-21T20:00:14","date_gmt":"2025-11-21T20:00:14","guid":{"rendered":"https:\/\/informacionlocal.es\/830-estudiantes-y-docentes-participan-en-el-i-encuentro-insular-de-radios-escolares\/"},"modified":"2025-11-21T20:00:14","modified_gmt":"2025-11-21T20:00:14","slug":"830-estudiantes-y-docentes-participan-en-el-i-encuentro-insular-de-radios-escolares","status":"publish","type":"post","link":"https:\/\/informacionlocal.es\/en\/830-estudiantes-y-docentes-participan-en-el-i-encuentro-insular-de-radios-escolares\/","title":{"rendered":"830 estudiantes y docentes participan en el I Encuentro Insular de Radios Escolares"},"content":{"rendered":"<div class=\"entry-content\"><strong>21 noviembre, 2025<\/strong><\/p>\n<p>Un total de 830 personas, entre estudiantes y docentes, han participado hoy en el I Encuentro Insular de Radios Escolares, organizado por el Cabildo de Fuerteventura, a trav\u00e9s de la Consejer\u00eda de Educaci\u00f3n y Juventud.<\/p>\n<p>El Centro Insular de Juventud acogi\u00f3 este evento, que ha contado con la participaci\u00f3n de un total de veinte centros de educaci\u00f3n primaria (CEIP).<\/p>\n<p>Docentes, alumnado y grandes profesionales del \u00e1mbito radiof\u00f3nico han participado en la jornada, cuyo objetivo es reconocer y fomentar la creatividad, el trabajo en equipo y la calidad de las producciones radiof\u00f3nicas realizadas por el alumnado de los centros educativos de Fuerteventura.<\/p>\n<p>El programa de ponencias y talleres pr\u00e1cticos ha incluido a reconocidos periodistas como Tom\u00e1s Galv\u00e1n de Canarias Radio, Pablo Anzola de Cadena SER, Diego Fortea de Onda Cero, Fernando Mart\u00edn, de Cadena 100, y el maestro y coautor del libro\u00a0<em>La radio escolar por dentro<\/em>, Jes\u00fas \u00c1ngel Pindado.<\/p>\n<p>Asimismo, ha participado el CEIP Los Giles de Gran Canaria, present\u00e1ndose como experiencia de \u00e9xito de radio en el colegio.<\/p>\n<p>El I Encuentro de Radios Escolares cont\u00f3 con la presencia de la presidenta insular, Lola Garc\u00eda, el consejero de Educaci\u00f3n y Juventud, Adargoma Hern\u00e1ndez, as\u00ed como el alcalde de Puerto del Rosario, David de Vera.<\/p>\n<p>Seg\u00fan ha explicado la presidenta del Cabildo de Fuerteventura, Lola Garc\u00eda, \u201cdesde el Cabildo tenemos clara la importancia de dar voz a los m\u00e1s j\u00f3venes y, por eso, debemos reconocer el gran trabajo que realizan desde las radios escolares docentes y alumnado, as\u00ed como la calidad de las producciones radiof\u00f3nicas\u201d.<\/p>\n<p>El consejero de Educaci\u00f3n, Adargoma Hern\u00e1ndez, agradeci\u00f3 a los docentes por su implicaci\u00f3n y a los medios de comunicaci\u00f3n por brindar la oportunidad a los estudiantes de conocer su profesi\u00f3n, Adem\u00e1s, se\u00f1al\u00f3 la importancia de esta acci\u00f3n \u201cque se enmarca dentro de las l\u00edneas estrat\u00e9gicas de educaci\u00f3n, plante\u00e1ndose una segunda edici\u00f3n en la que puedan participar m\u00e1s centros educativos\u201d, a\u00f1adi\u00f3 Hern\u00e1ndez.<\/p>\n<p>Durante la jornada, se hizo entrega del Premio ECCA a las radios escolares de Fuerteventura, que reconoce a las mejores producciones radiof\u00f3nicas del alumnado en tres categor\u00edas: mejor entrevista, mejor contenido de entretenimiento y mejor reportaje. Los premios fueron entregados por Lola Garc\u00eda, David de Vera, Adargoma Hern\u00e1ndez y la delegada insular de\u00a0ecca.edu, Carmen Nieves Hern\u00e1ndez.<\/p>\n<p>El centro ganador al premio Mejor Entrevista fue para quinto de primaria del CEIP Puerto Cabras, con un trabajo sobre la entidad\u00a0ecca.edu. En la categor\u00eda de Mejor Contenido de Entretenimiento, el premio fue para alumnado de primero y segundo de primaria del CEIP Agust\u00edn Millar\u00e9s Carl\u00f3, por su programa de entretenimiento con noticias, programas especiales, centro meteorol\u00f3gico y publicidad.<\/p>\n<p>Por su parte, el premio a Mejor Reportaje fue para alumnos y alumnas de segundo, tercero, cuarto, quinto y sexto de primaria, con un reportaje sobre historias de la radio en Fuerteventura.<\/p>\n<p>Cada galard\u00f3n cuenta con una dotaci\u00f3n de 300 euros para la mejora del equipamiento de las radios premiadas.\u00a0<\/p>\n<\/div>\n","protected":false},"excerpt":{"rendered":"<p>21 noviembre, 2025 Un total de 830 personas, entre estudiantes y docentes, han participado hoy en el I Encuentro Insular de Radios Escolares, organizado por el Cabildo de Fuerteventura, a [&hellip;]<\/p>\n","protected":false},"author":1,"featured_media":14371,"comment_status":"open","ping_status":"open","sticky":false,"template":"","format":"standard","meta":{"inline_featured_image":false,"jnews-multi-image_gallery":[],"jnews_single_post":[],"jnews_primary_category":[],"jnews_social_meta":[],"jnews_override_counter":[],"jnews_post_split":[],"footnotes":""},"categories":[58],"tags":[73,82],"class_list":["post-14369","post","type-post","status-publish","format-standard","has-post-thumbnail","hentry","category-cabildo","tag-educacion","tag-fuerteventura"],"jetpack_featured_media_url":"https:\/\/informacionlocal.es\/wp-content\/uploads\/2025\/11\/1763731210-df5be898ceddc223213afcf55152ef6c.jpg","_links":{"self":[{"href":"https:\/\/informacionlocal.es\/en\/wp-json\/wp\/v2\/posts\/14369","targetHints":{"allow":["GET"]}}],"collection":[{"href":"https:\/\/informacionlocal.es\/en\/wp-json\/wp\/v2\/posts"}],"about":[{"href":"https:\/\/informacionlocal.es\/en\/wp-json\/wp\/v2\/types\/post"}],"author":[{"embeddable":true,"href":"https:\/\/informacionlocal.es\/en\/wp-json\/wp\/v2\/users\/1"}],"replies":[{"embeddable":true,"href":"https:\/\/informacionlocal.es\/en\/wp-json\/wp\/v2\/comments?post=14369"}],"version-history":[{"count":0,"href":"https:\/\/informacionlocal.es\/en\/wp-json\/wp\/v2\/posts\/14369\/revisions"}],"wp:featuredmedia":[{"embeddable":true,"href":"https:\/\/informacionlocal.es\/en\/wp-json\/wp\/v2\/media\/14371"}],"wp:attachment":[{"href":"https:\/\/informacionlocal.es\/en\/wp-json\/wp\/v2\/media?parent=14369"}],"wp:term":[{"taxonomy":"category","embeddable":true,"href":"https:\/\/informacionlocal.es\/en\/wp-json\/wp\/v2\/categories?post=14369"},{"taxonomy":"post_tag","embeddable":true,"href":"https:\/\/informacionlocal.es\/en\/wp-json\/wp\/v2\/tags?post=14369"}],"curies":[{"name":"wp","href":"https:\/\/api.w.org\/{rel}","templated":true}]}}