{"id":14351,"date":"2025-11-21T15:58:24","date_gmt":"2025-11-21T15:58:24","guid":{"rendered":"https:\/\/informacionlocal.es\/el-cabildo-ofrece-una-nueva-edicion-de-los-desayunos-tecnologicos-sobre-oportunidades-de-financiacion-publica-y-privada\/"},"modified":"2025-11-21T15:58:24","modified_gmt":"2025-11-21T15:58:24","slug":"el-cabildo-ofrece-una-nueva-edicion-de-los-desayunos-tecnologicos-sobre-oportunidades-de-financiacion-publica-y-privada","status":"publish","type":"post","link":"https:\/\/informacionlocal.es\/en\/el-cabildo-ofrece-una-nueva-edicion-de-los-desayunos-tecnologicos-sobre-oportunidades-de-financiacion-publica-y-privada\/","title":{"rendered":"\ufeffEl Cabildo ofrece una nueva edici\u00f3n de los Desayunos Tecnol\u00f3gicos sobre oportunidades de financiaci\u00f3n p\u00fablica y privada"},"content":{"rendered":"<div class=\"entry-content\"><strong>21 noviembre, 2025<\/strong><\/p>\n<p><strong><em>El evento tendr\u00e1 lugar el mi\u00e9rcoles 27 de noviembre, a partir de las 9.30 horas, en el Palacio de Congresos de Fuerteventura<\/em><\/strong><\/p>\n<p>El Cabildo de Fuerteventura, a trav\u00e9s de su \u00c1rea de Nuevas Tecnolog\u00edas, celebra una nueva edici\u00f3n de los Desayunos Tecnol\u00f3gicos el pr\u00f3ximo mi\u00e9rcoles 27 de noviembre bajo el lema \u201cOportunidades de Financiaci\u00f3n para mi Empresa\u201d.<\/p>\n<p>El encuentro se desarrollar\u00e1 de 09.30 a 11.30 horas en el Palacio de Formaci\u00f3n y Congresos de Puerto del Rosario y busca convertirse en un punto de encuentro para quienes tienen una idea, un proyecto en marcha o un negocio que quiere dar un paso m\u00e1s.<\/p>\n<p>La consejera de Nuevas Tecnolog\u00edas, Carmen Alonso, subraya que \u201cel acceso a financiaci\u00f3n es clave para innovar, crecer y adaptarse a los retos actuales. Con este desayuno queremos acercar informaci\u00f3n \u00fatil, ejemplos reales y herramientas que puedan marcar la diferencia para muchas iniciativas locales\u201d.<\/p>\n<p>La jornada contar\u00e1 con dos voces expertas que acompa\u00f1ar\u00e1n a los asistentes en este recorrido por las distintas posibilidades de financiaci\u00f3n. Por un lado, Amanda Chac\u00f3n, t\u00e9cnico del CIDE de la C\u00e1mara de Comercio, ser\u00e1 la encargada de desgranar las ayudas y recursos p\u00fablicos existentes para pymes y emprendedores de la isla.<\/p>\n<p>Por otro lado, Diego Ascanio, consultor financiero y empresarial, explicar\u00e1 las posibilidades que ofrece la financiaci\u00f3n privada, tanto en sus formatos tradicionales como alternativos.<\/p>\n<p>Adem\u00e1s de las intervenciones principales, la jornada incluir\u00e1 experiencias reales de empresas majoreras que han logrado convertir su idea en una realidad gracias a distintas v\u00edas de apoyo econ\u00f3mico. Sus historias servir\u00e1n de inspiraci\u00f3n para quienes buscan orientaci\u00f3n o un impulso para avanzar.<\/p>\n<p>El encuentro es gratuito, de acceso libre hasta completar aforo y no necesita inscripci\u00f3n previa. Toda la informaci\u00f3n se encuentra disponible en los canales oficiales del Cabildo de Fuerteventura y del \u00c1rea de Nuevas Tecnolog\u00edas.<\/p>\n<\/div>\n","protected":false},"excerpt":{"rendered":"<p>21 noviembre, 2025 El evento tendr\u00e1 lugar el mi\u00e9rcoles 27 de noviembre, a partir de las 9.30 horas, en el Palacio de Congresos de Fuerteventura El Cabildo de Fuerteventura, a [&hellip;]<\/p>\n","protected":false},"author":1,"featured_media":14353,"comment_status":"open","ping_status":"open","sticky":false,"template":"","format":"standard","meta":{"inline_featured_image":false,"jnews-multi-image_gallery":[],"jnews_single_post":[],"jnews_primary_category":[],"jnews_social_meta":[],"jnews_override_counter":[],"jnews_post_split":[],"footnotes":""},"categories":[58],"tags":[82],"class_list":["post-14351","post","type-post","status-publish","format-standard","has-post-thumbnail","hentry","category-cabildo","tag-fuerteventura"],"jetpack_featured_media_url":"https:\/\/informacionlocal.es\/wp-content\/uploads\/2025\/11\/desayunos-tecnolc3b3gicos.jpeg","_links":{"self":[{"href":"https:\/\/informacionlocal.es\/en\/wp-json\/wp\/v2\/posts\/14351","targetHints":{"allow":["GET"]}}],"collection":[{"href":"https:\/\/informacionlocal.es\/en\/wp-json\/wp\/v2\/posts"}],"about":[{"href":"https:\/\/informacionlocal.es\/en\/wp-json\/wp\/v2\/types\/post"}],"author":[{"embeddable":true,"href":"https:\/\/informacionlocal.es\/en\/wp-json\/wp\/v2\/users\/1"}],"replies":[{"embeddable":true,"href":"https:\/\/informacionlocal.es\/en\/wp-json\/wp\/v2\/comments?post=14351"}],"version-history":[{"count":0,"href":"https:\/\/informacionlocal.es\/en\/wp-json\/wp\/v2\/posts\/14351\/revisions"}],"wp:featuredmedia":[{"embeddable":true,"href":"https:\/\/informacionlocal.es\/en\/wp-json\/wp\/v2\/media\/14353"}],"wp:attachment":[{"href":"https:\/\/informacionlocal.es\/en\/wp-json\/wp\/v2\/media?parent=14351"}],"wp:term":[{"taxonomy":"category","embeddable":true,"href":"https:\/\/informacionlocal.es\/en\/wp-json\/wp\/v2\/categories?post=14351"},{"taxonomy":"post_tag","embeddable":true,"href":"https:\/\/informacionlocal.es\/en\/wp-json\/wp\/v2\/tags?post=14351"}],"curies":[{"name":"wp","href":"https:\/\/api.w.org\/{rel}","templated":true}]}}