{"id":14323,"date":"2025-11-21T11:58:28","date_gmt":"2025-11-21T11:58:28","guid":{"rendered":"https:\/\/informacionlocal.es\/puerto-del-rosario-celebra-una-nueva-edicion-de-la-feria-de-proximidad-consume-en-tu-ciudad-el-29-de-noviembre-en-la-plaza-de-la-paz\/"},"modified":"2025-11-21T11:58:28","modified_gmt":"2025-11-21T11:58:28","slug":"puerto-del-rosario-celebra-una-nueva-edicion-de-la-feria-de-proximidad-consume-en-tu-ciudad-el-29-de-noviembre-en-la-plaza-de-la-paz","status":"publish","type":"post","link":"https:\/\/informacionlocal.es\/en\/puerto-del-rosario-celebra-una-nueva-edicion-de-la-feria-de-proximidad-consume-en-tu-ciudad-el-29-de-noviembre-en-la-plaza-de-la-paz\/","title":{"rendered":"Puerto del Rosario celebra una nueva edici\u00f3n de la Feria de Proximidad \u201cConsume en Tu Ciudad\u201d el 29 de noviembre en la Plaza de la Paz"},"content":{"rendered":"<div class=\"entry-content\">\n<ul>\n<li><span><strong>Cultura, comercio y producto local se unen en una jornada pensada para vivir, aprender y apoyar al tejido econ\u00f3mico del municipio<\/strong><\/span><\/li>\n<\/ul>\n<p><span><strong>\u00a0<\/strong><\/span><span><strong>En Puerto del Rosario, a 21 de noviembre de 2025.-<\/strong> El Ayuntamiento de Puerto del Rosario organiza una nueva edici\u00f3n de la Feria de Proximidad \u201cConsume en Tu Ciudad\u201d, que tendr\u00e1 lugar el s\u00e1bado 29 de noviembre, de 10:00 a 20:00 horas, en la Plaza de la Paz. Una cita que vuelve a apostar por el comercio local como motor de desarrollo, acompa\u00f1ada este a\u00f1o de una programaci\u00f3n diversa y muy participativa.<\/span><\/p>\n<p><span>La jornada arrancar\u00e1 a las 10:00 horas con la apertura oficial y la bienvenida a los comercios participantes, entre ellos Danilaura, RNG Team \u2013 Taller de Electromec\u00e1nica, Centro Kids, La F\u00e1brica de la Croqueta, Mariana Mat\u00e9 \u2013 Centro de Est\u00e9tica, CaffeeCafe y Abuela Petra, Canguras \u2013 Espacio de Apoyo Familiar, Pizzer\u00eda Qu\u00e9 Bol\u00e1, Gin 72, El Beso de la Mulata (Paolo Stefani), junto a otros establecimientos del municipio que han querido sumarse para mostrar su trabajo y acercarse a la ciudadan\u00eda.<\/span><\/p>\n<p><span>El programa previsto combina formaci\u00f3n, gastronom\u00eda, m\u00fasica y actividades para todas las edades. Durante la ma\u00f1ana y la tarde se desarrollar\u00e1n charlas formativas impartidas por Juan Carlos Su\u00e1rez Tangil, Raquel D\u00edaz Almeida y Juan Manuel Ben\u00edtez Ram\u00edrez, as\u00ed como la proyecci\u00f3n de documentales dirigidos tanto a p\u00fablico infantil como adulto.<\/span><\/p>\n<p><span>La parte gastron\u00f3mica ser\u00e1 uno de los grandes atractivos del d\u00eda, con un showcooking a cargo de Manu Ben\u00edtez y Rub\u00e9n Padr\u00f3n, una degustaci\u00f3n de productos km0, una cata de jam\u00f3n ofrecida por Josele e Hijos y una cata comentada guiada por Paolo Stefani, reconocido por su trabajo al frente de Gin 72 y El Beso de la Mulata.<\/span><\/p>\n<p><span>La m\u00fasica y el entretenimiento tambi\u00e9n estar\u00e1n presentes con la participaci\u00f3n de la Asociaci\u00f3n Grupo de Bailes de Taifas La Pion\u00e1, talleres infantiles, el Planetario M\u00f3vil, adem\u00e1s de diversos sorteos y concursos a lo largo del d\u00eda. El encuentro se cerrar\u00e1 con una actuaci\u00f3n musical.<\/span><\/p>\n<p><span>El alcalde de Puerto del Rosario, David de Vera, destac\u00f3 que \u201cesta feria es una oportunidad para mirar a nuestro alrededor y reconocer el valor de quienes sostienen la econom\u00eda local cada d\u00eda. El peque\u00f1o comercio es parte esencial de la vida de Puerto del Rosario y, por ello, seguiremos impulsando acciones que fortalezcan este tejido tan necesario\u201d.<\/span><\/p>\n<p><span>El concejal de Promoci\u00f3n Econ\u00f3mica, Juan Manuel Verdugo, subray\u00f3 que \u201ccada edici\u00f3n de Consume en Tu Ciudad demuestra que cuando se unen las empresas locales, la creatividad y la participaci\u00f3n vecinal, el resultado es una jornada \u00fatil y cercana. Hemos preparado un programa muy completo, pensado para disfrutar, aprender y descubrir la calidad del comercio que tenemos en el municipio\u201d.<\/span><\/p>\n<p><span>Con esta acci\u00f3n, el Ayuntamiento de Puerto del Rosario contin\u00faa impulsando iniciativas que dinamizan el comercio de proximidad y favorecen la participaci\u00f3n ciudadana, fortaleciendo el tejido econ\u00f3mico y social del municipio.<\/span><\/p>\n<p>\u00a0<\/p>\n<\/div>\n","protected":false},"excerpt":{"rendered":"<p>Cultura, comercio y producto local se unen en una jornada pensada para vivir, aprender y apoyar al tejido econ\u00f3mico del municipio \u00a0En Puerto del Rosario, a 21 de noviembre de [&hellip;]<\/p>\n","protected":false},"author":1,"featured_media":14325,"comment_status":"open","ping_status":"open","sticky":false,"template":"","format":"standard","meta":{"inline_featured_image":false,"jnews-multi-image_gallery":[],"jnews_single_post":[],"jnews_primary_category":[],"jnews_social_meta":[],"jnews_override_counter":[],"jnews_post_split":[],"footnotes":""},"categories":[61],"tags":[],"class_list":["post-14323","post","type-post","status-publish","format-standard","has-post-thumbnail","hentry","category-puerto-del-rosario"],"jetpack_featured_media_url":"https:\/\/informacionlocal.es\/wp-content\/uploads\/2025\/11\/proximidad.png","_links":{"self":[{"href":"https:\/\/informacionlocal.es\/en\/wp-json\/wp\/v2\/posts\/14323","targetHints":{"allow":["GET"]}}],"collection":[{"href":"https:\/\/informacionlocal.es\/en\/wp-json\/wp\/v2\/posts"}],"about":[{"href":"https:\/\/informacionlocal.es\/en\/wp-json\/wp\/v2\/types\/post"}],"author":[{"embeddable":true,"href":"https:\/\/informacionlocal.es\/en\/wp-json\/wp\/v2\/users\/1"}],"replies":[{"embeddable":true,"href":"https:\/\/informacionlocal.es\/en\/wp-json\/wp\/v2\/comments?post=14323"}],"version-history":[{"count":0,"href":"https:\/\/informacionlocal.es\/en\/wp-json\/wp\/v2\/posts\/14323\/revisions"}],"wp:featuredmedia":[{"embeddable":true,"href":"https:\/\/informacionlocal.es\/en\/wp-json\/wp\/v2\/media\/14325"}],"wp:attachment":[{"href":"https:\/\/informacionlocal.es\/en\/wp-json\/wp\/v2\/media?parent=14323"}],"wp:term":[{"taxonomy":"category","embeddable":true,"href":"https:\/\/informacionlocal.es\/en\/wp-json\/wp\/v2\/categories?post=14323"},{"taxonomy":"post_tag","embeddable":true,"href":"https:\/\/informacionlocal.es\/en\/wp-json\/wp\/v2\/tags?post=14323"}],"curies":[{"name":"wp","href":"https:\/\/api.w.org\/{rel}","templated":true}]}}